{"id":33157,"date":"2025-08-01T23:26:39","date_gmt":"2025-08-01T23:26:39","guid":{"rendered":"https:\/\/icoinformativo.mx\/home\/?p=33157"},"modified":"2025-08-01T23:26:39","modified_gmt":"2025-08-01T23:26:39","slug":"en-sunuapa-llevan-a-cabo-la-2da-sesion-ordinaria-de-la-comision-permanente-de-prevencion-del-delito-y-participacion-ciudadana","status":"publish","type":"post","link":"https:\/\/icoinformativo.mx\/home\/?p=33157","title":{"rendered":"En Sunuapa llevan a cabo la 2da. Sesi\u00f3n ordinaria de la Comisi\u00f3n Permanente de Prevenci\u00f3n del Delito y Participaci\u00f3n Ciudadana."},"content":{"rendered":"<p>&nbsp;<\/p>\n<p>Sunuapa, Chiapas, Julio del 2025.- En el marco del d\u00eda Naranja contra la violencia hacia mujeres y ni\u00f1as, se llev\u00f3 a cabo una importante reuni\u00f3n, en la que estuvieron presentes el Lic. Fredi Ramirez Diaz presidente municipal de Sunuapa; la presidenta del Voluntariado Dif municipal Lic. Flor de Mar\u00eda Bernal \u00c1lvarez Flormaria Bernal; el delegado de la polic\u00eda Vial Preventiva Mtro. Francisco Urbina; la Sindico municipal C.P. Ady Gonz\u00e1lez Gonz\u00e1lez; la Lic. Mar\u00eda Leysi Cantoral M\u00e9ndez, coordinadora de prevenci\u00f3n del delito de Sunuapa; el regidor Reinaldo lujano; el Sr. Trinidad Gonz\u00e1lez, presidente del comit\u00e9 de consulta y participaci\u00f3n Ciudadana; la C. Deisci V\u00e1zquez Lujano, directora de equidad de genero, as\u00ed como representantes de la Guardia Nacional, polic\u00eda municipal, e instituciones de procuraci\u00f3n de justicia en nuestro municipio, y directores de instituciones educativas.<\/p>\n<p>&nbsp;<\/p>\n<p>Tambi\u00e9n se cont\u00f3 con la presencia del Lic. Jos\u00e9 Carlos Ruiz Mart\u00ednez, coordinador de la zona norte del Centro Estatal de Prevenci\u00f3n Social de la Violencia y Participaci\u00f3n Ciudadana, quien expres\u00f3 su reconocimiento a los representantes de las distintas instituciones por trabajar de manera coordinada para disminuir los \u00edndices delictivos de nuestra sociedad, brindar seguridad y proteger a v\u00edctimas de la Violencia en cualquiera de sus formas con apego a los derechos humanos.<\/p>\n<p>&nbsp;<\/p>\n<p>#sunuapaenprogresoydesarrolloparatodos<\/p>\n<p>#gobiernomunicipalsunuapa20242027<\/p>\n","protected":false},"excerpt":{"rendered":"<p>&nbsp; Sunuapa, Chiapas, Julio del 2025.- En el marco del d\u00eda Naranja contra la violencia&#8230;<\/p>\n","protected":false},"author":2,"featured_media":33158,"comment_status":"closed","ping_status":"closed","sticky":false,"template":"","format":"standard","meta":{"_joinchat":[],"footnotes":""},"categories":[18,1,2,3],"tags":[],"class_list":["post-33157","post","type-post","status-publish","format-standard","has-post-thumbnail","hentry","category-almomento","category-boletin","category-estado","category-health"],"_links":{"self":[{"href":"https:\/\/icoinformativo.mx\/home\/index.php?rest_route=\/wp\/v2\/posts\/33157","targetHints":{"allow":["GET"]}}],"collection":[{"href":"https:\/\/icoinformativo.mx\/home\/index.php?rest_route=\/wp\/v2\/posts"}],"about":[{"href":"https:\/\/icoinformativo.mx\/home\/index.php?rest_route=\/wp\/v2\/types\/post"}],"author":[{"embeddable":true,"href":"https:\/\/icoinformativo.mx\/home\/index.php?rest_route=\/wp\/v2\/users\/2"}],"replies":[{"embeddable":true,"href":"https:\/\/icoinformativo.mx\/home\/index.php?rest_route=%2Fwp%2Fv2%2Fcomments&post=33157"}],"version-history":[{"count":1,"href":"https:\/\/icoinformativo.mx\/home\/index.php?rest_route=\/wp\/v2\/posts\/33157\/revisions"}],"predecessor-version":[{"id":33159,"href":"https:\/\/icoinformativo.mx\/home\/index.php?rest_route=\/wp\/v2\/posts\/33157\/revisions\/33159"}],"wp:featuredmedia":[{"embeddable":true,"href":"https:\/\/icoinformativo.mx\/home\/index.php?rest_route=\/wp\/v2\/media\/33158"}],"wp:attachment":[{"href":"https:\/\/icoinformativo.mx\/home\/index.php?rest_route=%2Fwp%2Fv2%2Fmedia&parent=33157"}],"wp:term":[{"taxonomy":"category","embeddable":true,"href":"https:\/\/icoinformativo.mx\/home\/index.php?rest_route=%2Fwp%2Fv2%2Fcategories&post=33157"},{"taxonomy":"post_tag","embeddable":true,"href":"https:\/\/icoinformativo.mx\/home\/index.php?rest_route=%2Fwp%2Fv2%2Ftags&post=33157"}],"curies":[{"name":"wp","href":"https:\/\/api.w.org\/{rel}","templated":true}]}}