{"id":33154,"date":"2025-08-01T23:23:17","date_gmt":"2025-08-01T23:23:17","guid":{"rendered":"https:\/\/icoinformativo.mx\/home\/?p=33154"},"modified":"2025-08-01T23:23:17","modified_gmt":"2025-08-01T23:23:17","slug":"sunuapa-se-une-a-la-jornada-por-la-paz","status":"publish","type":"post","link":"https:\/\/icoinformativo.mx\/home\/?p=33154","title":{"rendered":"Sunuapa se une a la Jornada por la Paz."},"content":{"rendered":"<p>&nbsp;<\/p>\n<p>Sunuapa, Chiapas Julio 2025.- El presidente municipal de Sunuapa Lic. Fredi Ramirez Diaz junto a su esposa Lic. Flormaria Bernal, inauguraron la Jornada por la Paz \u00bb Mujeres Libres de Violencia\u00bb por una sociedad m\u00e1s justa y equitativa.<\/p>\n<p>&nbsp;<\/p>\n<p>Esta jornada forma parte de los cuatro ejes de la Estrategia Nacional de Seguridad, impulsada por la Presidenta Claudia Sheinbaum, en colaboraci\u00f3n con el gobierno del estado, con el objetivo de atender las causas de violencia y de inseguridad bajo la coordinaci\u00f3n y la colaboraci\u00f3n federal, estatal y municipal.<\/p>\n<p>&nbsp;<\/p>\n<p>El acoso sexual y laborar tambi\u00e9n son formas de violencia hacia las mujeres, por ello, se llev\u00f3 a cabo el taller \u00abMujeres Libres de Violencia\u00bb impartido por el Mtro. Jose carlos Ruiz Mart\u00ednez coordinador de la zona norte del centro estatal de prevenci\u00f3n social de la violencia y participaci\u00f3n ciudadana con el objetivo de concientizar a la ciudadan\u00eda sobre los efectos negativos que causa en las mujeres que han sufrido alg\u00fan tipo de acoso en sus centros de trabajo o en su entorno social, as\u00ed como la asistencia jur\u00eddica y psicologica que se pone a disposici\u00f3n de las v\u00edctimas.<\/p>\n<p>&nbsp;<\/p>\n<p>Para esta jornada contamos con la presencia de la coordinadora de prevenci\u00f3n del delito municipal, Lic. Mar\u00eda Leysi Cantoral M\u00e9ndez; la directora de equidad de g\u00e9nero C. Deisci V\u00e1zquez Lujano; la s\u00edndico municipal C.P. Ady Gonz\u00e1lez Gonz\u00e1lez; regidores del cabildo, as\u00ed como el delegado de la polic\u00eda vial preventiva, Mtro. Francisco Urbina y Sr. Trinidad Gonz\u00e1lez, presidente del comit\u00e9 de consulta y participaci\u00f3n ciudadana.<\/p>\n<p>&nbsp;<\/p>\n<p>#sunuapaenprogresoydesarrolloparatodos<\/p>\n<p>#gobiernomunicipalsunuapa20242027<\/p>\n<p>#difmunicipalsunuapa20242027<\/p>\n","protected":false},"excerpt":{"rendered":"<p>&nbsp; Sunuapa, Chiapas Julio 2025.- El presidente municipal de Sunuapa Lic. Fredi Ramirez Diaz junto&#8230;<\/p>\n","protected":false},"author":2,"featured_media":33155,"comment_status":"closed","ping_status":"closed","sticky":false,"template":"","format":"standard","meta":{"_joinchat":[],"footnotes":""},"categories":[18,1,2,3],"tags":[],"class_list":["post-33154","post","type-post","status-publish","format-standard","has-post-thumbnail","hentry","category-almomento","category-boletin","category-estado","category-health"],"_links":{"self":[{"href":"https:\/\/icoinformativo.mx\/home\/index.php?rest_route=\/wp\/v2\/posts\/33154","targetHints":{"allow":["GET"]}}],"collection":[{"href":"https:\/\/icoinformativo.mx\/home\/index.php?rest_route=\/wp\/v2\/posts"}],"about":[{"href":"https:\/\/icoinformativo.mx\/home\/index.php?rest_route=\/wp\/v2\/types\/post"}],"author":[{"embeddable":true,"href":"https:\/\/icoinformativo.mx\/home\/index.php?rest_route=\/wp\/v2\/users\/2"}],"replies":[{"embeddable":true,"href":"https:\/\/icoinformativo.mx\/home\/index.php?rest_route=%2Fwp%2Fv2%2Fcomments&post=33154"}],"version-history":[{"count":1,"href":"https:\/\/icoinformativo.mx\/home\/index.php?rest_route=\/wp\/v2\/posts\/33154\/revisions"}],"predecessor-version":[{"id":33156,"href":"https:\/\/icoinformativo.mx\/home\/index.php?rest_route=\/wp\/v2\/posts\/33154\/revisions\/33156"}],"wp:featuredmedia":[{"embeddable":true,"href":"https:\/\/icoinformativo.mx\/home\/index.php?rest_route=\/wp\/v2\/media\/33155"}],"wp:attachment":[{"href":"https:\/\/icoinformativo.mx\/home\/index.php?rest_route=%2Fwp%2Fv2%2Fmedia&parent=33154"}],"wp:term":[{"taxonomy":"category","embeddable":true,"href":"https:\/\/icoinformativo.mx\/home\/index.php?rest_route=%2Fwp%2Fv2%2Fcategories&post=33154"},{"taxonomy":"post_tag","embeddable":true,"href":"https:\/\/icoinformativo.mx\/home\/index.php?rest_route=%2Fwp%2Fv2%2Ftags&post=33154"}],"curies":[{"name":"wp","href":"https:\/\/api.w.org\/{rel}","templated":true}]}}