{"id":33141,"date":"2025-07-29T03:15:07","date_gmt":"2025-07-29T03:15:07","guid":{"rendered":"https:\/\/icoinformativo.mx\/home\/?p=33141"},"modified":"2025-07-29T03:15:07","modified_gmt":"2025-07-29T03:15:07","slug":"sesion-del-consejo-municipal-de-seguridad-publica-en-solosuchiapa","status":"publish","type":"post","link":"https:\/\/icoinformativo.mx\/home\/?p=33141","title":{"rendered":"Sesi\u00f3n del Consejo Municipal de Seguridad P\u00fablica en Solosuchiapa"},"content":{"rendered":"<p>&nbsp;<\/p>\n<p>Se llev\u00f3 a cabo una importante sesi\u00f3n del Consejo Municipal de Seguridad P\u00fablica, encabezada por el Presidente Municipal, Ing. Fernando Aparicio G\u00f3mez<\/p>\n<p>Durante la reuni\u00f3n, se cont\u00f3 con la participaci\u00f3n de la Delegada de Gobierno, Melbis Hern\u00e1ndez, el Delegado de Seguridad P\u00fablica, Mois\u00e9s Aguilar Torres, sindico municipal Jenny Zacar\u00edas perez, as\u00ed como elementos y representantes de seguridad de nuestro municipio.<\/p>\n<p>Este encuentro reafirma el compromiso firme del gobierno municipal de Solosuchiapa con la seguridad, la paz y el bienestar de todas las familias, fortaleciendo la coordinaci\u00f3n interinstitucional en favor de la ciudadan\u00eda.<\/p>\n<p>#queorgullosershuleco<\/p>\n","protected":false},"excerpt":{"rendered":"<p>&nbsp; Se llev\u00f3 a cabo una importante sesi\u00f3n del Consejo Municipal de Seguridad P\u00fablica, encabezada&#8230;<\/p>\n","protected":false},"author":2,"featured_media":33142,"comment_status":"closed","ping_status":"closed","sticky":false,"template":"","format":"standard","meta":{"_joinchat":[],"footnotes":""},"categories":[18,1,2,3],"tags":[],"class_list":["post-33141","post","type-post","status-publish","format-standard","has-post-thumbnail","hentry","category-almomento","category-boletin","category-estado","category-health"],"_links":{"self":[{"href":"https:\/\/icoinformativo.mx\/home\/index.php?rest_route=\/wp\/v2\/posts\/33141","targetHints":{"allow":["GET"]}}],"collection":[{"href":"https:\/\/icoinformativo.mx\/home\/index.php?rest_route=\/wp\/v2\/posts"}],"about":[{"href":"https:\/\/icoinformativo.mx\/home\/index.php?rest_route=\/wp\/v2\/types\/post"}],"author":[{"embeddable":true,"href":"https:\/\/icoinformativo.mx\/home\/index.php?rest_route=\/wp\/v2\/users\/2"}],"replies":[{"embeddable":true,"href":"https:\/\/icoinformativo.mx\/home\/index.php?rest_route=%2Fwp%2Fv2%2Fcomments&post=33141"}],"version-history":[{"count":1,"href":"https:\/\/icoinformativo.mx\/home\/index.php?rest_route=\/wp\/v2\/posts\/33141\/revisions"}],"predecessor-version":[{"id":33143,"href":"https:\/\/icoinformativo.mx\/home\/index.php?rest_route=\/wp\/v2\/posts\/33141\/revisions\/33143"}],"wp:featuredmedia":[{"embeddable":true,"href":"https:\/\/icoinformativo.mx\/home\/index.php?rest_route=\/wp\/v2\/media\/33142"}],"wp:attachment":[{"href":"https:\/\/icoinformativo.mx\/home\/index.php?rest_route=%2Fwp%2Fv2%2Fmedia&parent=33141"}],"wp:term":[{"taxonomy":"category","embeddable":true,"href":"https:\/\/icoinformativo.mx\/home\/index.php?rest_route=%2Fwp%2Fv2%2Fcategories&post=33141"},{"taxonomy":"post_tag","embeddable":true,"href":"https:\/\/icoinformativo.mx\/home\/index.php?rest_route=%2Fwp%2Fv2%2Ftags&post=33141"}],"curies":[{"name":"wp","href":"https:\/\/api.w.org\/{rel}","templated":true}]}}