{"id":33124,"date":"2025-07-24T03:49:36","date_gmt":"2025-07-24T03:49:36","guid":{"rendered":"https:\/\/icoinformativo.mx\/home\/?p=33124"},"modified":"2025-07-24T03:49:36","modified_gmt":"2025-07-24T03:49:36","slug":"5ta-reunion-de-trabajo-con-presidentas-y-directoras-res-en-solosuchiapa-chiapas","status":"publish","type":"post","link":"https:\/\/icoinformativo.mx\/home\/?p=33124","title":{"rendered":"5ta. REUNI\u00d3N DE TRABAJO CON PRESIDENTAS Y DIRECTORAS (RES) EN SOLOSUCHIAPA, CHIAPAS"},"content":{"rendered":"<p>Se\u00a0 efectu\u00f3 la 5ta. Reuni\u00f3n de trabajo con las Presidentas y Directoras (res) de los SMDIF que integran la Delegaci\u00f3n Regional VIII Norte, teniendo como sede el Municipio de Solosuchiapa.<\/p>\n<p>&nbsp;<\/p>\n<p>La bienvenida estuvo a cargo de la Ing. Mar\u00eda de la Paz Salcedo Mill\u00e1n, Presidenta del DIF Municipal Solosuchiapa, agradeciendo la presencia de las y los representantes de los SMDIF que integran l Delegaci\u00f3n.<\/p>\n<p>&nbsp;<\/p>\n<p>Asimismo el Presidente de H. Ayuntamiento Solosuchiapa el Ing. Fernando Aparicio G\u00f3mez en su participaci\u00f3n reconoci\u00f3 el gran trabajo que realizan los SMDIF y a la vez env\u00edo un saludo a los Presidentes Municipales por conducto de las Presidentas de los DIF.<\/p>\n<p>&nbsp;<\/p>\n<p>Por su parte, la Lic. Yesenia Cruz \u00c1lvarez, Delegada Regional, en su intervenci\u00f3n agradeci\u00f3 a nuestro Gobernador del Estado el Dr. Eduardo Ram\u00edrez por el apoyo que d\u00eda a d\u00eda realiza en bienestar de todos los CHIAPANECOS de la misma forma el agradecimiento a la Lic. Sof\u00eda Espinoza por su loable apoyo a la poblaci\u00f3n Vulnerable.<\/p>\n<p>&nbsp;<\/p>\n<p>En esta reuni\u00f3n se hizo entrega de reconocimientos a los SMDIF por haber participado en la entrega de Tapitas, as\u00ed como la de coletas y Cabezas de unicel que ser\u00e1n utilizadas para los talleres de pelucas oncol\u00f3gicas en el DIF Chiapas.<\/p>\n<p>&nbsp;<\/p>\n<p>Por \u00faltimo la Mtra. Yolanda Aparicio Trejo, Directora del SMDIF Solosuchiapa, invit\u00f3 a todas los municipios a realizar la reforestaci\u00f3n mediantes campa\u00f1as, el cual al paso del tiempo habr\u00e1 un resultado que dejar\u00e1 una buena satisfacci\u00f3n de haber contribuido con nuestro medio ambiente.<\/p>\n<p>&nbsp;<\/p>\n<p>#HumanismoQueTransforma<\/p>\n<p>DIF Chiapas<\/p>\n","protected":false},"excerpt":{"rendered":"<p>Se\u00a0 efectu\u00f3 la 5ta. Reuni\u00f3n de trabajo con las Presidentas y Directoras (res) de los&#8230;<\/p>\n","protected":false},"author":2,"featured_media":33125,"comment_status":"closed","ping_status":"closed","sticky":false,"template":"","format":"standard","meta":{"_joinchat":[],"footnotes":""},"categories":[18,1,2,3],"tags":[],"class_list":["post-33124","post","type-post","status-publish","format-standard","has-post-thumbnail","hentry","category-almomento","category-boletin","category-estado","category-health"],"_links":{"self":[{"href":"https:\/\/icoinformativo.mx\/home\/index.php?rest_route=\/wp\/v2\/posts\/33124","targetHints":{"allow":["GET"]}}],"collection":[{"href":"https:\/\/icoinformativo.mx\/home\/index.php?rest_route=\/wp\/v2\/posts"}],"about":[{"href":"https:\/\/icoinformativo.mx\/home\/index.php?rest_route=\/wp\/v2\/types\/post"}],"author":[{"embeddable":true,"href":"https:\/\/icoinformativo.mx\/home\/index.php?rest_route=\/wp\/v2\/users\/2"}],"replies":[{"embeddable":true,"href":"https:\/\/icoinformativo.mx\/home\/index.php?rest_route=%2Fwp%2Fv2%2Fcomments&post=33124"}],"version-history":[{"count":1,"href":"https:\/\/icoinformativo.mx\/home\/index.php?rest_route=\/wp\/v2\/posts\/33124\/revisions"}],"predecessor-version":[{"id":33126,"href":"https:\/\/icoinformativo.mx\/home\/index.php?rest_route=\/wp\/v2\/posts\/33124\/revisions\/33126"}],"wp:featuredmedia":[{"embeddable":true,"href":"https:\/\/icoinformativo.mx\/home\/index.php?rest_route=\/wp\/v2\/media\/33125"}],"wp:attachment":[{"href":"https:\/\/icoinformativo.mx\/home\/index.php?rest_route=%2Fwp%2Fv2%2Fmedia&parent=33124"}],"wp:term":[{"taxonomy":"category","embeddable":true,"href":"https:\/\/icoinformativo.mx\/home\/index.php?rest_route=%2Fwp%2Fv2%2Fcategories&post=33124"},{"taxonomy":"post_tag","embeddable":true,"href":"https:\/\/icoinformativo.mx\/home\/index.php?rest_route=%2Fwp%2Fv2%2Ftags&post=33124"}],"curies":[{"name":"wp","href":"https:\/\/api.w.org\/{rel}","templated":true}]}}