{"id":33117,"date":"2025-07-22T03:36:20","date_gmt":"2025-07-22T03:36:20","guid":{"rendered":"https:\/\/icoinformativo.mx\/home\/?p=33117"},"modified":"2025-07-22T03:36:20","modified_gmt":"2025-07-22T03:36:20","slug":"ayuntamiento-de-ixtacomitan-pone-en-marcha-construccion-de-cancha-techada-con-estructura-metalica-en-la-colonia-candelaria-2da-seccion","status":"publish","type":"post","link":"https:\/\/icoinformativo.mx\/home\/?p=33117","title":{"rendered":"Ayuntamiento de Ixtacomit\u00e1n pone en marcha Construcci\u00f3n de cancha techada con estructura met\u00e1lica en la colonia Candelaria 2da Secci\u00f3n"},"content":{"rendered":"<p>Ixtacomit\u00e1n<\/p>\n<p>Autoridades dan banderazo de inicio de Construcci\u00f3n de cancha techada con estructura met\u00e1lica en la colonia Candelaria 2da Secci\u00f3n<\/p>\n<p>El presidente municipal Miguel Angel Moreno Palacios acompa\u00f1ado de la presidenta del DIF municipal Blanca Estrada y personal del ayuntamiento sostuvieron una reuni\u00f3n con pobladores de la citada localidad para dar inicio a esta importante obra.<\/p>\n<p>En este contexto, el alcalde destac\u00f3 que esta obra se ejecuta con el objetivo de brindar un espacio seguro, funcional y digno para la pr\u00e1ctica del deporte, actividades escolares y sociales.<\/p>\n<p>\u00abAdem\u00e1s de ser un compromiso, que hoy inicia su construcci\u00f3n y que ser\u00e1 en beneficio de la comunidad estudiantil, educativa y social de la Escuela Primaria Juan Escutia y Mart\u00ednez<br \/>\nC.C.T. 07DPV0227U\u00bb.<\/p>\n<p>El presidente municipal agradeci\u00f3 profundamente al gobernador del estado, Dr. Eduardo Ram\u00edrez, por su respaldo constante y por seguir impulsando el desarrollo de Chiapas e Ixtacomit\u00e1n.<\/p>\n<p>Esta obra no solo mejora la infraestructura educativa, sino que fortalece la convivencia escolar, fomenta el deporte y dignifica el entorno de nuestras ni\u00f1as y ni\u00f1os.<\/p>\n<p>\u00abSeguimos cumpliendo con hechos por el futuro de Ixtacomit\u00e1n agradezco a mi Cabildo el gran apoyo\u00bb.<\/p>\n<p>#UnidadTrabajoYTransformaci\u00f3n<br \/>\n#NuevaERA<br \/>\n#HumanismoQueTransforma<\/p>\n","protected":false},"excerpt":{"rendered":"<p>Ixtacomit\u00e1n Autoridades dan banderazo de inicio de Construcci\u00f3n de cancha techada con estructura met\u00e1lica en&#8230;<\/p>\n","protected":false},"author":2,"featured_media":33118,"comment_status":"closed","ping_status":"closed","sticky":false,"template":"","format":"standard","meta":{"_joinchat":[],"footnotes":""},"categories":[18,1,2,3],"tags":[],"class_list":["post-33117","post","type-post","status-publish","format-standard","has-post-thumbnail","hentry","category-almomento","category-boletin","category-estado","category-health"],"_links":{"self":[{"href":"https:\/\/icoinformativo.mx\/home\/index.php?rest_route=\/wp\/v2\/posts\/33117","targetHints":{"allow":["GET"]}}],"collection":[{"href":"https:\/\/icoinformativo.mx\/home\/index.php?rest_route=\/wp\/v2\/posts"}],"about":[{"href":"https:\/\/icoinformativo.mx\/home\/index.php?rest_route=\/wp\/v2\/types\/post"}],"author":[{"embeddable":true,"href":"https:\/\/icoinformativo.mx\/home\/index.php?rest_route=\/wp\/v2\/users\/2"}],"replies":[{"embeddable":true,"href":"https:\/\/icoinformativo.mx\/home\/index.php?rest_route=%2Fwp%2Fv2%2Fcomments&post=33117"}],"version-history":[{"count":1,"href":"https:\/\/icoinformativo.mx\/home\/index.php?rest_route=\/wp\/v2\/posts\/33117\/revisions"}],"predecessor-version":[{"id":33119,"href":"https:\/\/icoinformativo.mx\/home\/index.php?rest_route=\/wp\/v2\/posts\/33117\/revisions\/33119"}],"wp:featuredmedia":[{"embeddable":true,"href":"https:\/\/icoinformativo.mx\/home\/index.php?rest_route=\/wp\/v2\/media\/33118"}],"wp:attachment":[{"href":"https:\/\/icoinformativo.mx\/home\/index.php?rest_route=%2Fwp%2Fv2%2Fmedia&parent=33117"}],"wp:term":[{"taxonomy":"category","embeddable":true,"href":"https:\/\/icoinformativo.mx\/home\/index.php?rest_route=%2Fwp%2Fv2%2Fcategories&post=33117"},{"taxonomy":"post_tag","embeddable":true,"href":"https:\/\/icoinformativo.mx\/home\/index.php?rest_route=%2Fwp%2Fv2%2Ftags&post=33117"}],"curies":[{"name":"wp","href":"https:\/\/api.w.org\/{rel}","templated":true}]}}