{"id":33114,"date":"2025-07-21T03:32:02","date_gmt":"2025-07-21T03:32:02","guid":{"rendered":"https:\/\/icoinformativo.mx\/home\/?p=33114"},"modified":"2025-07-21T03:32:02","modified_gmt":"2025-07-21T03:32:02","slug":"ayuntamiento-local-continua-con-el-plan-de-reforestacion-en-solosuchiapa","status":"publish","type":"post","link":"https:\/\/icoinformativo.mx\/home\/?p=33114","title":{"rendered":"Ayuntamiento local Continua con el Plan de Reforestaci\u00f3n en Solosuchiapa"},"content":{"rendered":"<p>&nbsp;<\/p>\n<p>El DIF Municipal de Solosuchiapa, en coordinaci\u00f3n con el H. Ayuntamiento, llev\u00f3 a cabo una nueva jornada del programa de reforestaci\u00f3n, reafirmando su compromiso con el cuidado del medio ambiente y la construcci\u00f3n de un futuro m\u00e1s verde.<\/p>\n<p>En esta actividad se sembraron un total de 180 plantas maderables de la especie macuilis (maculy), reforestando una superficie de 720 metros cuadrados.<\/p>\n<p>Recuerda: Si ves una bandera roja, significa que ah\u00ed se encuentra una planta reci\u00e9n sembrada. \u00a1Ay\u00fadanos a protegerla y cuidarla!<\/p>\n<p>\u00a1Juntos sembramos vida y esperanza para Solosuchiapa!<\/p>\n","protected":false},"excerpt":{"rendered":"<p>&nbsp; El DIF Municipal de Solosuchiapa, en coordinaci\u00f3n con el H. Ayuntamiento, llev\u00f3 a cabo&#8230;<\/p>\n","protected":false},"author":2,"featured_media":33115,"comment_status":"closed","ping_status":"closed","sticky":false,"template":"","format":"standard","meta":{"_joinchat":[],"footnotes":""},"categories":[18,1,2,3],"tags":[],"class_list":["post-33114","post","type-post","status-publish","format-standard","has-post-thumbnail","hentry","category-almomento","category-boletin","category-estado","category-health"],"_links":{"self":[{"href":"https:\/\/icoinformativo.mx\/home\/index.php?rest_route=\/wp\/v2\/posts\/33114","targetHints":{"allow":["GET"]}}],"collection":[{"href":"https:\/\/icoinformativo.mx\/home\/index.php?rest_route=\/wp\/v2\/posts"}],"about":[{"href":"https:\/\/icoinformativo.mx\/home\/index.php?rest_route=\/wp\/v2\/types\/post"}],"author":[{"embeddable":true,"href":"https:\/\/icoinformativo.mx\/home\/index.php?rest_route=\/wp\/v2\/users\/2"}],"replies":[{"embeddable":true,"href":"https:\/\/icoinformativo.mx\/home\/index.php?rest_route=%2Fwp%2Fv2%2Fcomments&post=33114"}],"version-history":[{"count":1,"href":"https:\/\/icoinformativo.mx\/home\/index.php?rest_route=\/wp\/v2\/posts\/33114\/revisions"}],"predecessor-version":[{"id":33116,"href":"https:\/\/icoinformativo.mx\/home\/index.php?rest_route=\/wp\/v2\/posts\/33114\/revisions\/33116"}],"wp:featuredmedia":[{"embeddable":true,"href":"https:\/\/icoinformativo.mx\/home\/index.php?rest_route=\/wp\/v2\/media\/33115"}],"wp:attachment":[{"href":"https:\/\/icoinformativo.mx\/home\/index.php?rest_route=%2Fwp%2Fv2%2Fmedia&parent=33114"}],"wp:term":[{"taxonomy":"category","embeddable":true,"href":"https:\/\/icoinformativo.mx\/home\/index.php?rest_route=%2Fwp%2Fv2%2Fcategories&post=33114"},{"taxonomy":"post_tag","embeddable":true,"href":"https:\/\/icoinformativo.mx\/home\/index.php?rest_route=%2Fwp%2Fv2%2Ftags&post=33114"}],"curies":[{"name":"wp","href":"https:\/\/api.w.org\/{rel}","templated":true}]}}