{"id":33107,"date":"2025-07-16T03:27:46","date_gmt":"2025-07-16T03:27:46","guid":{"rendered":"https:\/\/icoinformativo.mx\/home\/?p=33107"},"modified":"2025-07-16T03:27:46","modified_gmt":"2025-07-16T03:27:46","slug":"miguel-angel-moreno-palacios-padrino-de-generacion-de-la-telesecundaria-emiliano-zapata","status":"publish","type":"post","link":"https:\/\/icoinformativo.mx\/home\/?p=33107","title":{"rendered":"Miguel Angel Moreno Palacios padrino de generaci\u00f3n de la Telesecundaria Emiliano Zapata"},"content":{"rendered":"<p>&nbsp;<\/p>\n<p>Este d\u00eda el presidente municipal Miguel \u00c1ngel Moreno Palacios tuvo el honor de ser padrino y de acompa\u00f1ar la emotiva graduaci\u00f3n de la Telesecundaria Emiliano Zapata, de la colonia Emiliano Zapata.<\/p>\n<p>\u00abVer a estos j\u00f3venes dar un paso m\u00e1s hacia sus sue\u00f1os, con la mirada llena de esperanza, nos llena de orgullo y nos motiva a seguir construyendo un mejor Ixtacomit\u00e1n para ellos\u00bb; se\u00f1al\u00f3 el alcalde.<\/p>\n<p>Agradeci\u00f3 a los padres de familia, maestros y a toda la comunidad educativa por su entrega, por no soltar la mano de los estudiantes y guiarlos con amor y disciplina.<\/p>\n<p>\u00a1Felicidades, generaci\u00f3n 2025!<\/p>\n<p>Que este sea solo el comienzo de una vida llena de logros.<\/p>\n<p>#UnidadTrabajoYTransformaci\u00f3n<br \/>\n#NuevaERA<br \/>\n#HumanismoQueTransforma<\/p>\n","protected":false},"excerpt":{"rendered":"<p>&nbsp; Este d\u00eda el presidente municipal Miguel \u00c1ngel Moreno Palacios tuvo el honor de ser&#8230;<\/p>\n","protected":false},"author":2,"featured_media":33108,"comment_status":"closed","ping_status":"closed","sticky":false,"template":"","format":"standard","meta":{"_joinchat":[],"footnotes":""},"categories":[18,1,2,3],"tags":[],"class_list":["post-33107","post","type-post","status-publish","format-standard","has-post-thumbnail","hentry","category-almomento","category-boletin","category-estado","category-health"],"_links":{"self":[{"href":"https:\/\/icoinformativo.mx\/home\/index.php?rest_route=\/wp\/v2\/posts\/33107","targetHints":{"allow":["GET"]}}],"collection":[{"href":"https:\/\/icoinformativo.mx\/home\/index.php?rest_route=\/wp\/v2\/posts"}],"about":[{"href":"https:\/\/icoinformativo.mx\/home\/index.php?rest_route=\/wp\/v2\/types\/post"}],"author":[{"embeddable":true,"href":"https:\/\/icoinformativo.mx\/home\/index.php?rest_route=\/wp\/v2\/users\/2"}],"replies":[{"embeddable":true,"href":"https:\/\/icoinformativo.mx\/home\/index.php?rest_route=%2Fwp%2Fv2%2Fcomments&post=33107"}],"version-history":[{"count":1,"href":"https:\/\/icoinformativo.mx\/home\/index.php?rest_route=\/wp\/v2\/posts\/33107\/revisions"}],"predecessor-version":[{"id":33109,"href":"https:\/\/icoinformativo.mx\/home\/index.php?rest_route=\/wp\/v2\/posts\/33107\/revisions\/33109"}],"wp:featuredmedia":[{"embeddable":true,"href":"https:\/\/icoinformativo.mx\/home\/index.php?rest_route=\/wp\/v2\/media\/33108"}],"wp:attachment":[{"href":"https:\/\/icoinformativo.mx\/home\/index.php?rest_route=%2Fwp%2Fv2%2Fmedia&parent=33107"}],"wp:term":[{"taxonomy":"category","embeddable":true,"href":"https:\/\/icoinformativo.mx\/home\/index.php?rest_route=%2Fwp%2Fv2%2Fcategories&post=33107"},{"taxonomy":"post_tag","embeddable":true,"href":"https:\/\/icoinformativo.mx\/home\/index.php?rest_route=%2Fwp%2Fv2%2Ftags&post=33107"}],"curies":[{"name":"wp","href":"https:\/\/api.w.org\/{rel}","templated":true}]}}