{"id":33097,"date":"2025-07-14T02:42:09","date_gmt":"2025-07-14T02:42:09","guid":{"rendered":"https:\/\/icoinformativo.mx\/home\/?p=33097"},"modified":"2025-07-14T02:42:09","modified_gmt":"2025-07-14T02:42:09","slug":"restablecen-el-servicio-de-energia-electrica-en-solosuchiapa","status":"publish","type":"post","link":"https:\/\/icoinformativo.mx\/home\/?p=33097","title":{"rendered":"RESTABLECEN EL SERVICIO DE ENERG\u00cdA EL\u00c9CTRICA EN SOLOSUCHIAPA."},"content":{"rendered":"<p>&nbsp;<\/p>\n<p>El Ayuntamiento de Solosuchiapa que preside el Ing. Fernando Aparicio G\u00f3mez emite el siguiente:<br \/>\nAVISO IMPORTANTE A LA CIUDADAN\u00cdA<\/p>\n<p>Queremos hacer de su conocimiento que, debido a un accidente suscitado recientemente, en el cual un cami\u00f3n de paqueter\u00eda se impact\u00f3 contra un poste de energ\u00eda el\u00e9ctrica que abastece a varias familias, se presentaron afectaciones en el suministro de luz en la zona.<\/p>\n<p>Gracias al trabajo coordinado entre la Comisi\u00f3n Federal de Electricidad (CFE) y el personal electricista del H. Ayuntamiento Municipal, el servicio fue restablecido con \u00e9xito.<\/p>\n<p>Sabemos que la empresa responsable del accidente realiz\u00f3 el pago correspondiente ante las instancias competentes; sin embargo, es importante informar que este tipo de situaciones no se resuelven de forma inmediata. El proceso implica mucho m\u00e1s que cubrir un monto econ\u00f3mico: requiere la gesti\u00f3n de materiales, la reposici\u00f3n de componentes como el transformador da\u00f1ado y sobre todo la coordinaci\u00f3n t\u00e9cnica con personal especializado.<\/p>\n<p>En ning\u00fan momento fue nuestra intenci\u00f3n dejar sin energ\u00eda a las familias afectadas. Entendemos plenamente los inconvenientes causados y por ello trabajamos con responsabilidad para lograr una soluci\u00f3n segura y efectiva.<\/p>\n<p>Agradecemos su comprensi\u00f3n y reiteramos nuestro compromiso con el bienestar de todas y todos.<\/p>\n","protected":false},"excerpt":{"rendered":"<p>&nbsp; El Ayuntamiento de Solosuchiapa que preside el Ing. Fernando Aparicio G\u00f3mez emite el siguiente:&#8230;<\/p>\n","protected":false},"author":2,"featured_media":33098,"comment_status":"closed","ping_status":"closed","sticky":false,"template":"","format":"standard","meta":{"_joinchat":[],"footnotes":""},"categories":[18,1,2,3],"tags":[],"class_list":["post-33097","post","type-post","status-publish","format-standard","has-post-thumbnail","hentry","category-almomento","category-boletin","category-estado","category-health"],"_links":{"self":[{"href":"https:\/\/icoinformativo.mx\/home\/index.php?rest_route=\/wp\/v2\/posts\/33097","targetHints":{"allow":["GET"]}}],"collection":[{"href":"https:\/\/icoinformativo.mx\/home\/index.php?rest_route=\/wp\/v2\/posts"}],"about":[{"href":"https:\/\/icoinformativo.mx\/home\/index.php?rest_route=\/wp\/v2\/types\/post"}],"author":[{"embeddable":true,"href":"https:\/\/icoinformativo.mx\/home\/index.php?rest_route=\/wp\/v2\/users\/2"}],"replies":[{"embeddable":true,"href":"https:\/\/icoinformativo.mx\/home\/index.php?rest_route=%2Fwp%2Fv2%2Fcomments&post=33097"}],"version-history":[{"count":1,"href":"https:\/\/icoinformativo.mx\/home\/index.php?rest_route=\/wp\/v2\/posts\/33097\/revisions"}],"predecessor-version":[{"id":33099,"href":"https:\/\/icoinformativo.mx\/home\/index.php?rest_route=\/wp\/v2\/posts\/33097\/revisions\/33099"}],"wp:featuredmedia":[{"embeddable":true,"href":"https:\/\/icoinformativo.mx\/home\/index.php?rest_route=\/wp\/v2\/media\/33098"}],"wp:attachment":[{"href":"https:\/\/icoinformativo.mx\/home\/index.php?rest_route=%2Fwp%2Fv2%2Fmedia&parent=33097"}],"wp:term":[{"taxonomy":"category","embeddable":true,"href":"https:\/\/icoinformativo.mx\/home\/index.php?rest_route=%2Fwp%2Fv2%2Fcategories&post=33097"},{"taxonomy":"post_tag","embeddable":true,"href":"https:\/\/icoinformativo.mx\/home\/index.php?rest_route=%2Fwp%2Fv2%2Ftags&post=33097"}],"curies":[{"name":"wp","href":"https:\/\/api.w.org\/{rel}","templated":true}]}}