{"id":33091,"date":"2025-07-10T03:16:09","date_gmt":"2025-07-10T03:16:09","guid":{"rendered":"https:\/\/icoinformativo.mx\/home\/?p=33091"},"modified":"2025-07-10T03:16:09","modified_gmt":"2025-07-10T03:16:09","slug":"alcalde-de-ixtacomitan-da-informe-de-actividades-en-materia-de-seguridad-publica-en-la-sesion-ordinaria-de-consejo-municipal","status":"publish","type":"post","link":"https:\/\/icoinformativo.mx\/home\/?p=33091","title":{"rendered":"Alcalde de Ixtacomit\u00e1n da Informe de Actividades en Materia de Seguridad P\u00fablica en la sesi\u00f3n ordinaria de consejo municipal"},"content":{"rendered":"<p>&nbsp;<\/p>\n<p>El presidente municipal Miguel Angel Moreno Palacios se\u00f1al\u00f3 que dicha acci\u00f3n responde dentro de su compromiso permanente por garantizar la paz y tranquilidad de las familias de Ixtacomit\u00e1n.<\/p>\n<p>\u00abInformamos a la ciudadan\u00eda sobre las acciones m\u00e1s relevantes realizadas en materia de seguridad p\u00fablica durante este periodo:<\/p>\n<p>\u2705 Evaluaci\u00f3n del personal policiaco:<br \/>\nSe han realizado los procesos de evaluaci\u00f3n correspondientes a los elementos de Seguridad P\u00fablica Municipal, cumpliendo con los lineamientos establecidos para garantizar que el personal que resguarda a nuestro pueblo cuente con el perfil, la capacitaci\u00f3n y la integridad necesarias.<\/p>\n<p>\u2705 Presentaci\u00f3n de la estructura program\u00e1tica del Fondo IV (FORTAMUN):<br \/>\nJustificaci\u00f3n del uso del Fondo de Aportaciones para el Fortalecimiento de los Municipios, espec\u00edficamente en el rubro de seguridad p\u00fablica, con transparencia y enfoque a resultados.<\/p>\n<p>\u2705 Acuerdo de coordinaci\u00f3n interinstitucional:<br \/>\nSe consolid\u00f3 un acuerdo de colaboraci\u00f3n entre los distintos cuerpos policiacos presentes en el municipio \u2014incluyendo guardia estatal, fiscal\u00eda regional y Guardia Nacional\u2014 para fortalecer la vigilancia, los operativos conjuntos y la respuesta ante emergencias.<\/p>\n<p>\u2705 Validaci\u00f3n del Plan de Prevenci\u00f3n del Delito:<br \/>\nFue validado oficialmente el Plan de Trabajo en materia de prevenci\u00f3n del delito, el cual incluye acciones enfocadas en la reconstrucci\u00f3n del tejido social, atenci\u00f3n a j\u00f3venes en situaci\u00f3n de riesgo, y campa\u00f1as de concientizaci\u00f3n en escuelas y comunidades.<\/p>\n<p>\u2705 Cumplimiento de la Declaraci\u00f3n Patrimonial:<br \/>\nInformamos que el 100% de los elementos de Seguridad P\u00fablica cumplieron en tiempo y forma con su declaraci\u00f3n patrimonial, como parte de las obligaciones de transparencia y rendici\u00f3n de cuentas que exige la ley.<\/p>\n<p>Reafirmamos nuestro compromiso con una seguridad p\u00fablica profesional, confiable y cercana a la gente, siempre priorizando la integridad y el bienestar de nuestra ciudadan\u00eda.<\/p>\n<p>Seguimos trabajando por un Ixtacomit\u00e1n en paz, con orden y con rumbo claro.<\/p>\n<p>Gracias a la delegada de gobierno Melbis Hernandez y al delegado Moises Aguilar Torres Antonio Sanchez Aguilar<\/p>\n<p>\ud83d\udd39 Nueva Era: Unidad, Trabajo y Transformaci\u00f3n<br \/>\n#UnidadTrabajoYTransformaci\u00f3n<br \/>\n#NuevaERA<br \/>\n#HumanismoQueTransforma<br \/>\n#IxtacomitanAvanzaTodosLosDias<\/p>\n","protected":false},"excerpt":{"rendered":"<p>&nbsp; El presidente municipal Miguel Angel Moreno Palacios se\u00f1al\u00f3 que dicha acci\u00f3n responde dentro de&#8230;<\/p>\n","protected":false},"author":2,"featured_media":33092,"comment_status":"closed","ping_status":"closed","sticky":false,"template":"","format":"standard","meta":{"_joinchat":[],"footnotes":""},"categories":[18,1,2,3],"tags":[],"class_list":["post-33091","post","type-post","status-publish","format-standard","has-post-thumbnail","hentry","category-almomento","category-boletin","category-estado","category-health"],"_links":{"self":[{"href":"https:\/\/icoinformativo.mx\/home\/index.php?rest_route=\/wp\/v2\/posts\/33091","targetHints":{"allow":["GET"]}}],"collection":[{"href":"https:\/\/icoinformativo.mx\/home\/index.php?rest_route=\/wp\/v2\/posts"}],"about":[{"href":"https:\/\/icoinformativo.mx\/home\/index.php?rest_route=\/wp\/v2\/types\/post"}],"author":[{"embeddable":true,"href":"https:\/\/icoinformativo.mx\/home\/index.php?rest_route=\/wp\/v2\/users\/2"}],"replies":[{"embeddable":true,"href":"https:\/\/icoinformativo.mx\/home\/index.php?rest_route=%2Fwp%2Fv2%2Fcomments&post=33091"}],"version-history":[{"count":1,"href":"https:\/\/icoinformativo.mx\/home\/index.php?rest_route=\/wp\/v2\/posts\/33091\/revisions"}],"predecessor-version":[{"id":33093,"href":"https:\/\/icoinformativo.mx\/home\/index.php?rest_route=\/wp\/v2\/posts\/33091\/revisions\/33093"}],"wp:featuredmedia":[{"embeddable":true,"href":"https:\/\/icoinformativo.mx\/home\/index.php?rest_route=\/wp\/v2\/media\/33092"}],"wp:attachment":[{"href":"https:\/\/icoinformativo.mx\/home\/index.php?rest_route=%2Fwp%2Fv2%2Fmedia&parent=33091"}],"wp:term":[{"taxonomy":"category","embeddable":true,"href":"https:\/\/icoinformativo.mx\/home\/index.php?rest_route=%2Fwp%2Fv2%2Fcategories&post=33091"},{"taxonomy":"post_tag","embeddable":true,"href":"https:\/\/icoinformativo.mx\/home\/index.php?rest_route=%2Fwp%2Fv2%2Ftags&post=33091"}],"curies":[{"name":"wp","href":"https:\/\/api.w.org\/{rel}","templated":true}]}}