{"id":33085,"date":"2025-07-09T03:45:20","date_gmt":"2025-07-09T03:45:20","guid":{"rendered":"https:\/\/icoinformativo.mx\/home\/?p=33085"},"modified":"2025-07-09T03:45:20","modified_gmt":"2025-07-09T03:45:20","slug":"fernando-bermudez-toma-protesta-a-barbara-altuzar-como-titular-del-instituto-del-deporte","status":"publish","type":"post","link":"https:\/\/icoinformativo.mx\/home\/?p=33085","title":{"rendered":"Fernando Berm\u00fadez toma protesta a B\u00e1rbara Alt\u00fazar como titular del Instituto del Deporte"},"content":{"rendered":"<p>&nbsp;<\/p>\n<p>El jefe de la Oficina de Gubernatura, Fernando Berm\u00fadez Velasco, tom\u00f3 protesta a B\u00e1rbara Alt\u00fazar Galindo como nueva directora general del Instituto del Deporte del Estado de Chiapas (Indeporte), a quien exhort\u00f3 a asumir el compromiso de fortalecer la actividad f\u00edsica y deportiva como herramienta de transformaci\u00f3n social.<\/p>\n<p>Alt\u00fazar Galindo es licenciada en Administraci\u00f3n de Empresas y cuenta con una destacada trayectoria en el servicio p\u00fablico, la iniciativa privada y la promoci\u00f3n cultural y deportiva. Ha impulsado proyectos como Deporte al L\u00edmite y Ll\u00e9nate de Chiapas A.C., y como regidora del Ayuntamiento de Tuxtla Guti\u00e9rrez promovi\u00f3 programas en beneficio de la ni\u00f1ez, el arte y la participaci\u00f3n ciudadana.<\/p>\n<p>&nbsp;<\/p>\n<p>&nbsp;<\/p>\n<p>&nbsp;<\/p>\n","protected":false},"excerpt":{"rendered":"<p>&nbsp; El jefe de la Oficina de Gubernatura, Fernando Berm\u00fadez Velasco, tom\u00f3 protesta a B\u00e1rbara&#8230;<\/p>\n","protected":false},"author":2,"featured_media":33086,"comment_status":"closed","ping_status":"closed","sticky":false,"template":"","format":"standard","meta":{"_joinchat":[],"footnotes":""},"categories":[18,1,2,3],"tags":[],"class_list":["post-33085","post","type-post","status-publish","format-standard","has-post-thumbnail","hentry","category-almomento","category-boletin","category-estado","category-health"],"_links":{"self":[{"href":"https:\/\/icoinformativo.mx\/home\/index.php?rest_route=\/wp\/v2\/posts\/33085","targetHints":{"allow":["GET"]}}],"collection":[{"href":"https:\/\/icoinformativo.mx\/home\/index.php?rest_route=\/wp\/v2\/posts"}],"about":[{"href":"https:\/\/icoinformativo.mx\/home\/index.php?rest_route=\/wp\/v2\/types\/post"}],"author":[{"embeddable":true,"href":"https:\/\/icoinformativo.mx\/home\/index.php?rest_route=\/wp\/v2\/users\/2"}],"replies":[{"embeddable":true,"href":"https:\/\/icoinformativo.mx\/home\/index.php?rest_route=%2Fwp%2Fv2%2Fcomments&post=33085"}],"version-history":[{"count":1,"href":"https:\/\/icoinformativo.mx\/home\/index.php?rest_route=\/wp\/v2\/posts\/33085\/revisions"}],"predecessor-version":[{"id":33087,"href":"https:\/\/icoinformativo.mx\/home\/index.php?rest_route=\/wp\/v2\/posts\/33085\/revisions\/33087"}],"wp:featuredmedia":[{"embeddable":true,"href":"https:\/\/icoinformativo.mx\/home\/index.php?rest_route=\/wp\/v2\/media\/33086"}],"wp:attachment":[{"href":"https:\/\/icoinformativo.mx\/home\/index.php?rest_route=%2Fwp%2Fv2%2Fmedia&parent=33085"}],"wp:term":[{"taxonomy":"category","embeddable":true,"href":"https:\/\/icoinformativo.mx\/home\/index.php?rest_route=%2Fwp%2Fv2%2Fcategories&post=33085"},{"taxonomy":"post_tag","embeddable":true,"href":"https:\/\/icoinformativo.mx\/home\/index.php?rest_route=%2Fwp%2Fv2%2Ftags&post=33085"}],"curies":[{"name":"wp","href":"https:\/\/api.w.org\/{rel}","templated":true}]}}