{"id":33082,"date":"2025-07-09T03:43:53","date_gmt":"2025-07-09T03:43:53","guid":{"rendered":"https:\/\/icoinformativo.mx\/home\/?p=33082"},"modified":"2025-07-09T03:43:53","modified_gmt":"2025-07-09T03:43:53","slug":"seinfra-y-semahn-concretan-alianza-para-impulsar-de-manera-conjunta-el-cuidado-del-medio-ambiente","status":"publish","type":"post","link":"https:\/\/icoinformativo.mx\/home\/?p=33082","title":{"rendered":"Seinfra y Semahn concretan alianza para impulsar de manera conjunta el cuidado del medio ambiente"},"content":{"rendered":"<p>&nbsp;<\/p>\n<p>Tuxtla Guti\u00e9rrez, Chiapas.- Con el prop\u00f3sito de conjuntar esfuerzos, recursos y capacidades para impulsar acciones que abonen al cuidado del medio ambiente en Chiapas, las secretarias de Infraestructura, Anakaren G\u00f3mez Zuart, y de Medio Ambiente e Historia Natural, Obdulia Magdalena Torres Abarca, signaron convenios marco y espec\u00edfico de colaboraci\u00f3n.<\/p>\n<p>En las instalaciones de Secretar\u00eda de Infraestructura (Seinfra) y ante la presencia de servidoras y servidores del pueblo de ambas instituciones, las titulares concretaron esta alianza, destacando el compromiso de la administraci\u00f3n que encabeza el gobernador Eduardo Ram\u00edrez Aguilar para impulsar acciones en favor del desarrollo de las familias chiapanecas, teniendo como eje transversal el cuidado y la protecci\u00f3n de los recursos naturales.<\/p>\n<p>G\u00f3mez Zuart destac\u00f3 la determinaci\u00f3n que se tiene para desarrollar trabajos coordinados con la Secretar\u00eda de Medio Ambiente e Historia Natural (Semahn), resaltando que desde la Seinfra se ejecuta obra p\u00fablica humanista, sustentable y sostenible.<\/p>\n<p>Resalt\u00f3 que, con un firme compromiso con la preservaci\u00f3n del medio ambiente y con el fin de mitigar riesgos, desde la dependencia que encabeza se impulsa la campa\u00f1a \u201cCiudad Digna, \u00a1M\u00e1s Limpia!, \u00a1M\u00e1s Segura!, la cual comenz\u00f3 en el mes de junio en Tuxtla Guti\u00e9rrez y se planea llevar a diversos municipios.<\/p>\n<p>Por su parte, Torres Abarca se\u00f1al\u00f3 que, a trav\u00e9s de estos convenios, se busca alcanzar diversos objetivos a trav\u00e9s de la realizaci\u00f3n conjunta de programas de reforestaci\u00f3n y acciones referentes al cuidado del medio ambiente, a fin de que toda la obra p\u00fablica que se ejecuta en el estado cuente con el dictamen u opini\u00f3n favorable conforme al ordenamiento ecol\u00f3gico territorial, tal y como lo establece la normatividad aplicable en la materia.<\/p>\n<p>Cabe resaltar que a trav\u00e9s de esta alianza se formaliza la coordinaci\u00f3n de acciones para la conservaci\u00f3n, mantenimiento y mejora del vivero de la Seinfra, ubicado en la colonia Paso Lim\u00f3n en Tuxtla Guti\u00e9rrez, acord\u00e1ndose adem\u00e1s la donaci\u00f3n de plantas y semillas para el mejoramiento de dicho espacio.<\/p>\n<p>&nbsp;<\/p>\n<p>&nbsp;<\/p>\n<p>&nbsp;<\/p>\n<p>&nbsp;<\/p>\n<p>&nbsp;<\/p>\n<p>&nbsp;<\/p>\n<p>&nbsp;<\/p>\n","protected":false},"excerpt":{"rendered":"<p>&nbsp; Tuxtla Guti\u00e9rrez, Chiapas.- Con el prop\u00f3sito de conjuntar esfuerzos, recursos y capacidades para impulsar&#8230;<\/p>\n","protected":false},"author":2,"featured_media":33083,"comment_status":"closed","ping_status":"closed","sticky":false,"template":"","format":"standard","meta":{"_joinchat":[],"footnotes":""},"categories":[18,1,2,3],"tags":[],"class_list":["post-33082","post","type-post","status-publish","format-standard","has-post-thumbnail","hentry","category-almomento","category-boletin","category-estado","category-health"],"_links":{"self":[{"href":"https:\/\/icoinformativo.mx\/home\/index.php?rest_route=\/wp\/v2\/posts\/33082","targetHints":{"allow":["GET"]}}],"collection":[{"href":"https:\/\/icoinformativo.mx\/home\/index.php?rest_route=\/wp\/v2\/posts"}],"about":[{"href":"https:\/\/icoinformativo.mx\/home\/index.php?rest_route=\/wp\/v2\/types\/post"}],"author":[{"embeddable":true,"href":"https:\/\/icoinformativo.mx\/home\/index.php?rest_route=\/wp\/v2\/users\/2"}],"replies":[{"embeddable":true,"href":"https:\/\/icoinformativo.mx\/home\/index.php?rest_route=%2Fwp%2Fv2%2Fcomments&post=33082"}],"version-history":[{"count":1,"href":"https:\/\/icoinformativo.mx\/home\/index.php?rest_route=\/wp\/v2\/posts\/33082\/revisions"}],"predecessor-version":[{"id":33084,"href":"https:\/\/icoinformativo.mx\/home\/index.php?rest_route=\/wp\/v2\/posts\/33082\/revisions\/33084"}],"wp:featuredmedia":[{"embeddable":true,"href":"https:\/\/icoinformativo.mx\/home\/index.php?rest_route=\/wp\/v2\/media\/33083"}],"wp:attachment":[{"href":"https:\/\/icoinformativo.mx\/home\/index.php?rest_route=%2Fwp%2Fv2%2Fmedia&parent=33082"}],"wp:term":[{"taxonomy":"category","embeddable":true,"href":"https:\/\/icoinformativo.mx\/home\/index.php?rest_route=%2Fwp%2Fv2%2Fcategories&post=33082"},{"taxonomy":"post_tag","embeddable":true,"href":"https:\/\/icoinformativo.mx\/home\/index.php?rest_route=%2Fwp%2Fv2%2Ftags&post=33082"}],"curies":[{"name":"wp","href":"https:\/\/api.w.org\/{rel}","templated":true}]}}