{"id":33070,"date":"2025-07-09T03:31:09","date_gmt":"2025-07-09T03:31:09","guid":{"rendered":"https:\/\/icoinformativo.mx\/home\/?p=33070"},"modified":"2025-07-09T03:31:09","modified_gmt":"2025-07-09T03:31:09","slug":"iap-chiapas-y-tecnm-campus-cintalapa-suscriben-convenio-de-colaboracion-en-materia-de-formacion-profesional-y-programas-academicos","status":"publish","type":"post","link":"https:\/\/icoinformativo.mx\/home\/?p=33070","title":{"rendered":"IAP Chiapas y TecNM Campus Cintalapa suscriben convenio de colaboraci\u00f3n en materia de formaci\u00f3n profesional y programas acad\u00e9micos"},"content":{"rendered":"<p>&nbsp;<\/p>\n<p>\u2022 La firma del convenio estuvo a cargo de Lysette Raquel Lameiro Camacho, presidenta del IAP Chiapas, y Olga Luz Espinosa Morales, directora general del TecNM Campus Cintalapa<\/p>\n<p>Tuxtla Guti\u00e9rrez, Chiapas; 08 de julio 2025.- Lysette Raquel Lameiro Camacho, presidenta del Consejo Directivo del Instituto de Administraci\u00f3n P\u00fablica del Estado de Chiapas (IAP), y Olga Luz Espinosa Morales, directora general del Tecnol\u00f3gico Nacional de M\u00e9xico (TecNM) Campus Cintalapa, suscribieron un convenio de colaboraci\u00f3n interinstitucional en materia de formaci\u00f3n profesional y programas acad\u00e9micos.<\/p>\n<p>El acto protocolario tuvo lugar en las instalaciones del IAP Chiapas, donde ambas titulares destacaron la importancia de unir esfuerzos para consolidar instituciones fuertes en la gesti\u00f3n del conocimiento y los saberes.<\/p>\n<p>En su intervenci\u00f3n, la presidenta del IAP Chiapas subray\u00f3 la trascendencia de este convenio, para desarrollar acciones conjuntas en materia acad\u00e9mica y de relaciones institucionales que abonen a una mejor educaci\u00f3n en la Nueva ERA.<\/p>\n<p>Por su parte, la directora general del TecNM Campus Cintalapa se\u00f1al\u00f3 que, con la firma de este instrumento, ambas instituciones reafirman su compromiso de impulsar iniciativas conjuntas que favorezcan la formaci\u00f3n integral, el desarrollo profesional y el fortalecimiento de capacidades para el beneficio mutuo y el desarrollo de la sociedad.<\/p>\n<p>Durante la firma de este convenio estuvieron presentes integrantes del Consejo Directivo del IAP Chiapas y representantes del TecNM Cintalapa.<\/p>\n<p>&nbsp;<\/p>\n<p>&nbsp;<\/p>\n<p>&nbsp;<\/p>\n<p>&nbsp;<\/p>\n<p>&nbsp;<\/p>\n<p>&nbsp;<\/p>\n","protected":false},"excerpt":{"rendered":"<p>&nbsp; \u2022 La firma del convenio estuvo a cargo de Lysette Raquel Lameiro Camacho, presidenta&#8230;<\/p>\n","protected":false},"author":2,"featured_media":33071,"comment_status":"closed","ping_status":"closed","sticky":false,"template":"","format":"standard","meta":{"_joinchat":[],"footnotes":""},"categories":[18,1,2,3],"tags":[],"class_list":["post-33070","post","type-post","status-publish","format-standard","has-post-thumbnail","hentry","category-almomento","category-boletin","category-estado","category-health"],"_links":{"self":[{"href":"https:\/\/icoinformativo.mx\/home\/index.php?rest_route=\/wp\/v2\/posts\/33070","targetHints":{"allow":["GET"]}}],"collection":[{"href":"https:\/\/icoinformativo.mx\/home\/index.php?rest_route=\/wp\/v2\/posts"}],"about":[{"href":"https:\/\/icoinformativo.mx\/home\/index.php?rest_route=\/wp\/v2\/types\/post"}],"author":[{"embeddable":true,"href":"https:\/\/icoinformativo.mx\/home\/index.php?rest_route=\/wp\/v2\/users\/2"}],"replies":[{"embeddable":true,"href":"https:\/\/icoinformativo.mx\/home\/index.php?rest_route=%2Fwp%2Fv2%2Fcomments&post=33070"}],"version-history":[{"count":1,"href":"https:\/\/icoinformativo.mx\/home\/index.php?rest_route=\/wp\/v2\/posts\/33070\/revisions"}],"predecessor-version":[{"id":33072,"href":"https:\/\/icoinformativo.mx\/home\/index.php?rest_route=\/wp\/v2\/posts\/33070\/revisions\/33072"}],"wp:featuredmedia":[{"embeddable":true,"href":"https:\/\/icoinformativo.mx\/home\/index.php?rest_route=\/wp\/v2\/media\/33071"}],"wp:attachment":[{"href":"https:\/\/icoinformativo.mx\/home\/index.php?rest_route=%2Fwp%2Fv2%2Fmedia&parent=33070"}],"wp:term":[{"taxonomy":"category","embeddable":true,"href":"https:\/\/icoinformativo.mx\/home\/index.php?rest_route=%2Fwp%2Fv2%2Fcategories&post=33070"},{"taxonomy":"post_tag","embeddable":true,"href":"https:\/\/icoinformativo.mx\/home\/index.php?rest_route=%2Fwp%2Fv2%2Ftags&post=33070"}],"curies":[{"name":"wp","href":"https:\/\/api.w.org\/{rel}","templated":true}]}}