{"id":33067,"date":"2025-07-09T03:26:20","date_gmt":"2025-07-09T03:26:20","guid":{"rendered":"https:\/\/icoinformativo.mx\/home\/?p=33067"},"modified":"2025-07-09T03:26:20","modified_gmt":"2025-07-09T03:26:20","slug":"salud-pone-en-marcha-campana-de-vacunacion-unidos-contra-el-sarampion","status":"publish","type":"post","link":"https:\/\/icoinformativo.mx\/home\/?p=33067","title":{"rendered":"Salud pone en marcha Campa\u00f1a de Vacunaci\u00f3n \u201cUnidos contra el sarampi\u00f3n\u201d"},"content":{"rendered":"<p>&nbsp;<\/p>\n<p>\u2022 Tiene el objetivo de iniciar y completar esquemas de vacunaci\u00f3n en ni\u00f1as y ni\u00f1os menores de 10 a\u00f1os y poblaci\u00f3n de 10 a 39 a\u00f1os<\/p>\n<p>\u2022 Pueden acudir a unidades de los Servicios P\u00fablicos de Salud IMSS-Bienestar, IMSS, Issste, Isstech, Sedena y Semar, sean o no derechohabientes<\/p>\n<p>Tuxtla Guti\u00e9rrez, Chiapas; 08 de julio de 2025.- Derivado de la alerta epidemiol\u00f3gica nacional por los casos de sarampi\u00f3n en el pa\u00eds, la Secretar\u00eda de Salud del estado puso en marcha la Campa\u00f1a de Vacunaci\u00f3n \u201cUnidos contra el sarampi\u00f3n\u201d, por lo que exhorta a madres y padres de familia, as\u00ed como a tutores de ni\u00f1as y ni\u00f1os menores de 10 a\u00f1os de edad, a que se acerquen a la unidad m\u00e9dica m\u00e1s cercana para aplicarles la dosis correspondiente de acuerdo con su esquema de vacunaci\u00f3n.<\/p>\n<p>De esta manera, Chiapas se suma a las acciones de prevenci\u00f3n contra esta enfermedad viral altamente contagiosa. La campa\u00f1a de vacunaci\u00f3n culminar\u00e1 el pr\u00f3ximo 8 de agosto y tiene como objetivo iniciar y completar esquemas de vacunaci\u00f3n en ni\u00f1as y ni\u00f1os menores de 10 a\u00f1os y poblaci\u00f3n de 10 a 49 a\u00f1os, para lograr la inmunizaci\u00f3n en la poblaci\u00f3n chiapaneca.<\/p>\n<p>Para contener esta enfermedad, la mejor medida preventiva es la vacunaci\u00f3n de los grupos vulnerables o de riesgo, por lo que la poblaci\u00f3n, sea o no derechohabiente, puede acudir a las unidades de salud del sector p\u00fablico: Servicios P\u00fablicos de Salud IMSS-Bienestar, IMSS, Issste, Isstech, Sedena y Semar, que estar\u00e1n aplicando la pol\u00edtica de Cero Rechazo.<\/p>\n<p>Adem\u00e1s, se realizar\u00e1n barridos casa por casa en municipios con bajas coberturas, se instalar\u00e1n m\u00f3dulos en sitios de alta concentraci\u00f3n -como parques y mercados-, se trabajar\u00e1 con las escuelas de todos los niveles para garantizar esquemas completos al regreso a clases y el sector empresarial se suma con la promoci\u00f3n de las medidas preventivas.<\/p>\n<p>Ante la presencia de s\u00edntomas como molestia a la luz, tos, fiebre alta, conjuntivitis, secreci\u00f3n nasal y ronchas peque\u00f1as tipo sarpullido, la Secretar\u00eda de Salud del estado recomienda no automedicarse y acudir de inmediato a la unidad m\u00e9dica m\u00e1s cercana.<\/p>\n<p>&nbsp;<\/p>\n<p>&nbsp;<\/p>\n<p>&nbsp;<\/p>\n<p>&nbsp;<\/p>\n<p>&nbsp;<\/p>\n<p>&nbsp;<\/p>\n<p>&nbsp;<\/p>\n","protected":false},"excerpt":{"rendered":"<p>&nbsp; \u2022 Tiene el objetivo de iniciar y completar esquemas de vacunaci\u00f3n en ni\u00f1as y&#8230;<\/p>\n","protected":false},"author":2,"featured_media":33068,"comment_status":"closed","ping_status":"closed","sticky":false,"template":"","format":"standard","meta":{"_joinchat":[],"footnotes":""},"categories":[18,1,2,3],"tags":[],"class_list":["post-33067","post","type-post","status-publish","format-standard","has-post-thumbnail","hentry","category-almomento","category-boletin","category-estado","category-health"],"_links":{"self":[{"href":"https:\/\/icoinformativo.mx\/home\/index.php?rest_route=\/wp\/v2\/posts\/33067","targetHints":{"allow":["GET"]}}],"collection":[{"href":"https:\/\/icoinformativo.mx\/home\/index.php?rest_route=\/wp\/v2\/posts"}],"about":[{"href":"https:\/\/icoinformativo.mx\/home\/index.php?rest_route=\/wp\/v2\/types\/post"}],"author":[{"embeddable":true,"href":"https:\/\/icoinformativo.mx\/home\/index.php?rest_route=\/wp\/v2\/users\/2"}],"replies":[{"embeddable":true,"href":"https:\/\/icoinformativo.mx\/home\/index.php?rest_route=%2Fwp%2Fv2%2Fcomments&post=33067"}],"version-history":[{"count":1,"href":"https:\/\/icoinformativo.mx\/home\/index.php?rest_route=\/wp\/v2\/posts\/33067\/revisions"}],"predecessor-version":[{"id":33069,"href":"https:\/\/icoinformativo.mx\/home\/index.php?rest_route=\/wp\/v2\/posts\/33067\/revisions\/33069"}],"wp:featuredmedia":[{"embeddable":true,"href":"https:\/\/icoinformativo.mx\/home\/index.php?rest_route=\/wp\/v2\/media\/33068"}],"wp:attachment":[{"href":"https:\/\/icoinformativo.mx\/home\/index.php?rest_route=%2Fwp%2Fv2%2Fmedia&parent=33067"}],"wp:term":[{"taxonomy":"category","embeddable":true,"href":"https:\/\/icoinformativo.mx\/home\/index.php?rest_route=%2Fwp%2Fv2%2Fcategories&post=33067"},{"taxonomy":"post_tag","embeddable":true,"href":"https:\/\/icoinformativo.mx\/home\/index.php?rest_route=%2Fwp%2Fv2%2Ftags&post=33067"}],"curies":[{"name":"wp","href":"https:\/\/api.w.org\/{rel}","templated":true}]}}