{"id":33049,"date":"2025-07-07T02:41:29","date_gmt":"2025-07-07T02:41:29","guid":{"rendered":"https:\/\/icoinformativo.mx\/home\/?p=33049"},"modified":"2025-07-07T02:41:29","modified_gmt":"2025-07-07T02:41:29","slug":"miguel-angel-moreno-palacios-padrino-de-generacion-de-la-escuela-primaria-lazaro-cardenas","status":"publish","type":"post","link":"https:\/\/icoinformativo.mx\/home\/?p=33049","title":{"rendered":"Miguel Angel Moreno Palacios padrino de generaci\u00f3n de la Escuela Primaria L\u00e1zaro C\u00e1rdenas"},"content":{"rendered":"<p>&nbsp;<\/p>\n<p>El presidente municipal Miguel \u00c1ngel Moreno acompa\u00f1ado de la presidenta del DIF municipal Blanca Estrada estuvieron presentes en la ceremonia de clausura donde apadrinaron a esta generaci\u00f3n.<\/p>\n<p>Ah\u00ed, el presidente municipal destac\u00f3 que hoy es un d\u00eda lleno de emociones, sonrisas y sue\u00f1os, al ver a estos ni\u00f1os y ni\u00f1as cerrar con orgullo su etapa de primaria.<\/p>\n<p>\u00abMe llena de esperanza y compromiso con nuestro municipio, a mis ahijados: \u00a1sigan adelante con valent\u00eda! Este es solo el primer paso de una vida llena de oportunidades\u00bb.<\/p>\n<p>A sus familias, padres y maestros: gracias por ser gu\u00eda, apoyo y amor constante en su formaci\u00f3n. Gracias al director Nelver Rubio Gomez al personal docente y administrativo.<\/p>\n<p>\u00a1Felicidades, generaci\u00f3n 2019 &#8211; 2025 de la L\u00e1zaro C\u00e1rdenas!<\/p>\n<p>\u00a1Su padrino siempre estar\u00e1 orgulloso de ustedes! \ud83d\udc99\ud83d\udcd8\ud83c\udf1f<\/p>\n<p>#UnidadTrabajoYTransformaci\u00f3n<br \/>\n#NuevaERA<br \/>\n#HumanismoQueTransforma<\/p>\n","protected":false},"excerpt":{"rendered":"<p>&nbsp; El presidente municipal Miguel \u00c1ngel Moreno acompa\u00f1ado de la presidenta del DIF municipal Blanca&#8230;<\/p>\n","protected":false},"author":2,"featured_media":33050,"comment_status":"closed","ping_status":"closed","sticky":false,"template":"","format":"standard","meta":{"_joinchat":[],"footnotes":""},"categories":[18,1,2,3],"tags":[],"class_list":["post-33049","post","type-post","status-publish","format-standard","has-post-thumbnail","hentry","category-almomento","category-boletin","category-estado","category-health"],"_links":{"self":[{"href":"https:\/\/icoinformativo.mx\/home\/index.php?rest_route=\/wp\/v2\/posts\/33049","targetHints":{"allow":["GET"]}}],"collection":[{"href":"https:\/\/icoinformativo.mx\/home\/index.php?rest_route=\/wp\/v2\/posts"}],"about":[{"href":"https:\/\/icoinformativo.mx\/home\/index.php?rest_route=\/wp\/v2\/types\/post"}],"author":[{"embeddable":true,"href":"https:\/\/icoinformativo.mx\/home\/index.php?rest_route=\/wp\/v2\/users\/2"}],"replies":[{"embeddable":true,"href":"https:\/\/icoinformativo.mx\/home\/index.php?rest_route=%2Fwp%2Fv2%2Fcomments&post=33049"}],"version-history":[{"count":1,"href":"https:\/\/icoinformativo.mx\/home\/index.php?rest_route=\/wp\/v2\/posts\/33049\/revisions"}],"predecessor-version":[{"id":33051,"href":"https:\/\/icoinformativo.mx\/home\/index.php?rest_route=\/wp\/v2\/posts\/33049\/revisions\/33051"}],"wp:featuredmedia":[{"embeddable":true,"href":"https:\/\/icoinformativo.mx\/home\/index.php?rest_route=\/wp\/v2\/media\/33050"}],"wp:attachment":[{"href":"https:\/\/icoinformativo.mx\/home\/index.php?rest_route=%2Fwp%2Fv2%2Fmedia&parent=33049"}],"wp:term":[{"taxonomy":"category","embeddable":true,"href":"https:\/\/icoinformativo.mx\/home\/index.php?rest_route=%2Fwp%2Fv2%2Fcategories&post=33049"},{"taxonomy":"post_tag","embeddable":true,"href":"https:\/\/icoinformativo.mx\/home\/index.php?rest_route=%2Fwp%2Fv2%2Ftags&post=33049"}],"curies":[{"name":"wp","href":"https:\/\/api.w.org\/{rel}","templated":true}]}}