{"id":33032,"date":"2025-07-03T04:11:06","date_gmt":"2025-07-03T04:11:06","guid":{"rendered":"https:\/\/icoinformativo.mx\/home\/?p=33032"},"modified":"2025-07-03T04:11:06","modified_gmt":"2025-07-03T04:11:06","slug":"ayuntamiento-de-ixtacomitan-y-sagyp-chiapas-unen-fuerzas-para-capacitar-a-ganaderos","status":"publish","type":"post","link":"https:\/\/icoinformativo.mx\/home\/?p=33032","title":{"rendered":"Ayuntamiento de Ixtacomit\u00e1n y SAGyP Chiapas Unen Fuerzas para Capacitar a Ganaderos"},"content":{"rendered":"<p>&nbsp;<\/p>\n<p>**Ixtacomit\u00e1n, Chiapas \u2013 07\/03\/2025** \u2013 El H. Ayuntamiento de Ixtacomit\u00e1n, presidido por Miguel \u00c1ngel Moreno Palacios, en coordinaci\u00f3n con la Secretar\u00eda de Agricultura, Ganader\u00eda y Pesca (SAGyP) de Chiapas, extienden una invitaci\u00f3n a todos los productores ganaderos del municipio a participar en una capacitaci\u00f3n crucial sobre la prevenci\u00f3n del gusano barrenador del ganado.<\/p>\n<p>La capacitaci\u00f3n se llevar\u00e1 a cabo el pr\u00f3ximo 10 de Julio del 2025 en Ixtacomit\u00e1n. El objetivo es proporcionar a los ganaderos las herramientas y el conocimiento necesarios para proteger a sus animales de esta plaga.<\/p>\n<p>Para mayor informaci\u00f3n e inscripciones, los interesados pueden dirigirse al \u00e1rea de Fomento y Secretar\u00eda Municipal.<\/p>\n","protected":false},"excerpt":{"rendered":"<p>&nbsp; **Ixtacomit\u00e1n, Chiapas \u2013 07\/03\/2025** \u2013 El H. Ayuntamiento de Ixtacomit\u00e1n, presidido por Miguel \u00c1ngel&#8230;<\/p>\n","protected":false},"author":2,"featured_media":33033,"comment_status":"closed","ping_status":"closed","sticky":false,"template":"","format":"standard","meta":{"_joinchat":[],"footnotes":""},"categories":[1],"tags":[],"class_list":["post-33032","post","type-post","status-publish","format-standard","has-post-thumbnail","hentry","category-boletin"],"_links":{"self":[{"href":"https:\/\/icoinformativo.mx\/home\/index.php?rest_route=\/wp\/v2\/posts\/33032","targetHints":{"allow":["GET"]}}],"collection":[{"href":"https:\/\/icoinformativo.mx\/home\/index.php?rest_route=\/wp\/v2\/posts"}],"about":[{"href":"https:\/\/icoinformativo.mx\/home\/index.php?rest_route=\/wp\/v2\/types\/post"}],"author":[{"embeddable":true,"href":"https:\/\/icoinformativo.mx\/home\/index.php?rest_route=\/wp\/v2\/users\/2"}],"replies":[{"embeddable":true,"href":"https:\/\/icoinformativo.mx\/home\/index.php?rest_route=%2Fwp%2Fv2%2Fcomments&post=33032"}],"version-history":[{"count":1,"href":"https:\/\/icoinformativo.mx\/home\/index.php?rest_route=\/wp\/v2\/posts\/33032\/revisions"}],"predecessor-version":[{"id":33034,"href":"https:\/\/icoinformativo.mx\/home\/index.php?rest_route=\/wp\/v2\/posts\/33032\/revisions\/33034"}],"wp:featuredmedia":[{"embeddable":true,"href":"https:\/\/icoinformativo.mx\/home\/index.php?rest_route=\/wp\/v2\/media\/33033"}],"wp:attachment":[{"href":"https:\/\/icoinformativo.mx\/home\/index.php?rest_route=%2Fwp%2Fv2%2Fmedia&parent=33032"}],"wp:term":[{"taxonomy":"category","embeddable":true,"href":"https:\/\/icoinformativo.mx\/home\/index.php?rest_route=%2Fwp%2Fv2%2Fcategories&post=33032"},{"taxonomy":"post_tag","embeddable":true,"href":"https:\/\/icoinformativo.mx\/home\/index.php?rest_route=%2Fwp%2Fv2%2Ftags&post=33032"}],"curies":[{"name":"wp","href":"https:\/\/api.w.org\/{rel}","templated":true}]}}