{"id":33029,"date":"2025-07-03T04:07:18","date_gmt":"2025-07-03T04:07:18","guid":{"rendered":"https:\/\/icoinformativo.mx\/home\/?p=33029"},"modified":"2025-07-03T04:07:18","modified_gmt":"2025-07-03T04:07:18","slug":"fernando-aparicio-gomez-refrenda-compromiso-en-la-primera-reunion-hacendaria-del-estado","status":"publish","type":"post","link":"https:\/\/icoinformativo.mx\/home\/?p=33029","title":{"rendered":"Fernando Aparicio G\u00f3mez Refrenda Compromiso en la Primera Reuni\u00f3n Hacendaria del Estado"},"content":{"rendered":"<p>Tuxtla Guti\u00e9rrez, Chiapas \u2013 06\/03\/2025** \u2013 El Presidente Municipal de Solosuchiapa, Fernando Aparicio G\u00f3mez, particip\u00f3 activamente en la Primera Reuni\u00f3n Hacendaria del Estado, convocada por el Gobernador Eduardo Ram\u00edrez Aguilar el 30 de junio de 2025. El objetivo principal de la reuni\u00f3n fue fortalecer la coordinaci\u00f3n y eficiencia en el manejo de los recursos p\u00fablicos en todo el estado.<\/p>\n<p>En este encuentro, que congreg\u00f3 a presidentes y presidentas municipales de Chiapas, Aparicio G\u00f3mez resalt\u00f3 la importancia de mantener una s\u00f3lida coordinaci\u00f3n interinstitucional entre los tres \u00f3rdenes de gobierno. Subray\u00f3 que esta colaboraci\u00f3n es fundamental para asegurar pol\u00edticas fiscales responsables y una administraci\u00f3n transparente de los recursos.<\/p>\n<p>\u201cFue un honor acompa\u00f1ar a nuestro gobernador Eduardo Ram\u00edrez en esta importante reuni\u00f3n,\u201d expres\u00f3 Aparicio G\u00f3mez. Tambi\u00e9n mencion\u00f3 su agrado por saludar a diversas figuras clave del gobierno estatal, incluyendo a Manolo Pariente (Secretario de Finanzas), Juan Carlos Moreno Guill\u00e9n (Magistrado Presidente del Poder Judicial), Paty Conde Ruiz (Secretaria General de Gobierno), Ana Laura Romero Basurto (Secretaria de Anticorrupci\u00f3n y Buen Gobierno), Jos\u00e9 Antonio Aguilar (Auditor Superior del Estado), Fernando Berm\u00fadez (Jefe de la Oficina de Gubernatura), y al Diputado Mario Guill\u00e9n (Presidente de la Junta de Coordinaci\u00f3n Pol\u00edtica del Congreso del Estado).<\/p>\n<p>El edil reiter\u00f3 el firme compromiso de su gobierno con una gesti\u00f3n responsable y eficiente, enfatizando la colaboraci\u00f3n continua con las instancias estatales y federales. Su objetivo es asegurar que cada inversi\u00f3n se traduzca en obras y acciones concretas que mejoren la calidad de vida de los habitantes de Solosuchiapa.<\/p>\n<p>#SolosuchiapaTrabajando #Convenci\u00f3nHacendaria #GobiernoResponsable #ChiapasPuede<\/p>\n","protected":false},"excerpt":{"rendered":"<p>Tuxtla Guti\u00e9rrez, Chiapas \u2013 06\/03\/2025** \u2013 El Presidente Municipal de Solosuchiapa, Fernando Aparicio G\u00f3mez, particip\u00f3&#8230;<\/p>\n","protected":false},"author":2,"featured_media":33030,"comment_status":"closed","ping_status":"closed","sticky":false,"template":"","format":"standard","meta":{"_joinchat":[],"footnotes":""},"categories":[18,1,2,3],"tags":[],"class_list":["post-33029","post","type-post","status-publish","format-standard","has-post-thumbnail","hentry","category-almomento","category-boletin","category-estado","category-health"],"_links":{"self":[{"href":"https:\/\/icoinformativo.mx\/home\/index.php?rest_route=\/wp\/v2\/posts\/33029","targetHints":{"allow":["GET"]}}],"collection":[{"href":"https:\/\/icoinformativo.mx\/home\/index.php?rest_route=\/wp\/v2\/posts"}],"about":[{"href":"https:\/\/icoinformativo.mx\/home\/index.php?rest_route=\/wp\/v2\/types\/post"}],"author":[{"embeddable":true,"href":"https:\/\/icoinformativo.mx\/home\/index.php?rest_route=\/wp\/v2\/users\/2"}],"replies":[{"embeddable":true,"href":"https:\/\/icoinformativo.mx\/home\/index.php?rest_route=%2Fwp%2Fv2%2Fcomments&post=33029"}],"version-history":[{"count":1,"href":"https:\/\/icoinformativo.mx\/home\/index.php?rest_route=\/wp\/v2\/posts\/33029\/revisions"}],"predecessor-version":[{"id":33031,"href":"https:\/\/icoinformativo.mx\/home\/index.php?rest_route=\/wp\/v2\/posts\/33029\/revisions\/33031"}],"wp:featuredmedia":[{"embeddable":true,"href":"https:\/\/icoinformativo.mx\/home\/index.php?rest_route=\/wp\/v2\/media\/33030"}],"wp:attachment":[{"href":"https:\/\/icoinformativo.mx\/home\/index.php?rest_route=%2Fwp%2Fv2%2Fmedia&parent=33029"}],"wp:term":[{"taxonomy":"category","embeddable":true,"href":"https:\/\/icoinformativo.mx\/home\/index.php?rest_route=%2Fwp%2Fv2%2Fcategories&post=33029"},{"taxonomy":"post_tag","embeddable":true,"href":"https:\/\/icoinformativo.mx\/home\/index.php?rest_route=%2Fwp%2Fv2%2Ftags&post=33029"}],"curies":[{"name":"wp","href":"https:\/\/api.w.org\/{rel}","templated":true}]}}