{"id":33023,"date":"2025-07-01T03:39:55","date_gmt":"2025-07-01T03:39:55","guid":{"rendered":"https:\/\/icoinformativo.mx\/home\/?p=33023"},"modified":"2025-07-01T03:39:55","modified_gmt":"2025-07-01T03:39:55","slug":"pantepec-se-suma-al-fortalecimiento-de-la-paz-en-chiapas-en-el-encuentro-estatal-de-regidores","status":"publish","type":"post","link":"https:\/\/icoinformativo.mx\/home\/?p=33023","title":{"rendered":"*Pantepec se suma al fortalecimiento de la paz en Chiapas en el encuentro estatal de regidores*"},"content":{"rendered":"<p>&nbsp;<\/p>\n<p>El municipio de Pantepec reafirm\u00f3 su compromiso con la paz y el bienestar de Chiapas al participar en el Primer Encuentro Estatal de Regidores, un espacio de di\u00e1logo y cooperaci\u00f3n bajo el lema \u00abUnidos por la paz y seguridad de Chiapas\u00bb, impulsado por el gobernador del estado, Dr. Eduardo Ram\u00edrez.<\/p>\n<p>&nbsp;<\/p>\n<p>Durante este importante evento, que reuni\u00f3 a autoridades municipales de toda la entidad, Pantepec estuvo representado por sus regidores: C. V\u00edctor Hern\u00e1ndez Garc\u00eda (primer regidor), C. Lourdes Alvarado Camacho (segunda regidora) y C. Alejandro G\u00f3mez Aguilar (tercer regidor), acompa\u00f1ados por el presidente municipal Lic. Osmar Velasco Garcia.<\/p>\n<p>&nbsp;<\/p>\n<p>Este foro permiti\u00f3 compartir experiencias, generar propuestas y reforzar estrategias que fortalezcan el tejido social, fomenten la reconciliaci\u00f3n y garanticen la tranquilidad de las familias chiapanecas.<\/p>\n<p>&nbsp;<\/p>\n<p>El encuentro cont\u00f3 con la participaci\u00f3n de destacadas funcionarias del estado, entre ellas Paty Conde, secretaria general de Gobierno y Mediaci\u00f3n; Malena Torres, secretaria de Medio Ambiente e Historia Natural; Ana Romero, secretaria de Anticorrupci\u00f3n y Buen Gobierno; as\u00ed como Yolanda Alfaro, directora general del Centro Estatal de Prevenci\u00f3n Social de Violencia y Participaci\u00f3n Ciudadana.<\/p>\n<p>&nbsp;<\/p>\n<p>La presencia de Pantepec en este encuentro demuestra su inter\u00e9s activo en sumar esfuerzos para construir un Chiapas m\u00e1s seguro, justo y en paz para todas y todos.<\/p>\n","protected":false},"excerpt":{"rendered":"<p>&nbsp; El municipio de Pantepec reafirm\u00f3 su compromiso con la paz y el bienestar de&#8230;<\/p>\n","protected":false},"author":2,"featured_media":33024,"comment_status":"closed","ping_status":"closed","sticky":false,"template":"","format":"standard","meta":{"_joinchat":[],"footnotes":""},"categories":[18,1,2,3],"tags":[],"class_list":["post-33023","post","type-post","status-publish","format-standard","has-post-thumbnail","hentry","category-almomento","category-boletin","category-estado","category-health"],"_links":{"self":[{"href":"https:\/\/icoinformativo.mx\/home\/index.php?rest_route=\/wp\/v2\/posts\/33023","targetHints":{"allow":["GET"]}}],"collection":[{"href":"https:\/\/icoinformativo.mx\/home\/index.php?rest_route=\/wp\/v2\/posts"}],"about":[{"href":"https:\/\/icoinformativo.mx\/home\/index.php?rest_route=\/wp\/v2\/types\/post"}],"author":[{"embeddable":true,"href":"https:\/\/icoinformativo.mx\/home\/index.php?rest_route=\/wp\/v2\/users\/2"}],"replies":[{"embeddable":true,"href":"https:\/\/icoinformativo.mx\/home\/index.php?rest_route=%2Fwp%2Fv2%2Fcomments&post=33023"}],"version-history":[{"count":1,"href":"https:\/\/icoinformativo.mx\/home\/index.php?rest_route=\/wp\/v2\/posts\/33023\/revisions"}],"predecessor-version":[{"id":33025,"href":"https:\/\/icoinformativo.mx\/home\/index.php?rest_route=\/wp\/v2\/posts\/33023\/revisions\/33025"}],"wp:featuredmedia":[{"embeddable":true,"href":"https:\/\/icoinformativo.mx\/home\/index.php?rest_route=\/wp\/v2\/media\/33024"}],"wp:attachment":[{"href":"https:\/\/icoinformativo.mx\/home\/index.php?rest_route=%2Fwp%2Fv2%2Fmedia&parent=33023"}],"wp:term":[{"taxonomy":"category","embeddable":true,"href":"https:\/\/icoinformativo.mx\/home\/index.php?rest_route=%2Fwp%2Fv2%2Fcategories&post=33023"},{"taxonomy":"post_tag","embeddable":true,"href":"https:\/\/icoinformativo.mx\/home\/index.php?rest_route=%2Fwp%2Fv2%2Ftags&post=33023"}],"curies":[{"name":"wp","href":"https:\/\/api.w.org\/{rel}","templated":true}]}}