{"id":33016,"date":"2025-06-28T03:26:46","date_gmt":"2025-06-28T03:26:46","guid":{"rendered":"https:\/\/icoinformativo.mx\/home\/?p=33016"},"modified":"2025-06-28T03:26:46","modified_gmt":"2025-06-28T03:26:46","slug":"instalacion-y-primera-sesion-del-consejo-municipal-para-garantizar-el-derecho-de-las-mujeres-a-una-vida-libre-de-violencia","status":"publish","type":"post","link":"https:\/\/icoinformativo.mx\/home\/?p=33016","title":{"rendered":"Instalaci\u00f3n y primera sesi\u00f3n del consejo municipal para garantizar el derecho de las mujeres a una vida libre de violencia"},"content":{"rendered":"<p>&nbsp;<\/p>\n<p>Esta primer sesi\u00f3n fue encabezada por la Lic. Flor de Mar\u00eda Bernal \u00c1lvarez en representaci\u00f3n del presidente municipal Lic. Fredi Ramirez Diaz , y dirigida por la coordinadora de empoderamiento de la mujer e igualdad de genero C. Deisci V\u00e1zquez Lujano.<\/p>\n<p>&nbsp;<\/p>\n<p>Entre los asistentes estuvieron la coordinadora de prevenci\u00f3n del delito, Lic. Mar\u00eda Leysi Cantoral M\u00e9ndez, integrantes del H. Cabildo, representantes de instituciones educativas y de salud.<\/p>\n<p>&nbsp;<\/p>\n<p>La creaci\u00f3n de este \u00f3rgano resulta fundamental para fortalecer el compromiso colectivo entre la sociedad y el gobierno municipal en la creaci\u00f3n de estrategias y promover el derecho de las mujeres a una vida con igualdad y libre de violencia.<\/p>\n<p>&nbsp;<\/p>\n<p>Al tomar protesta a los nuevos integrantes de este consejo la Lic. Flor de Mar\u00eda Bernal hizo un llamado a trabajar de manera coordinada para prevenir, atender y erradicar la violencia contra las mujeres todas sus formas y aportar nuestro granito de arena para construir un entorno m\u00e1s seguro y equitativo con igualdad de oportunidades, que garantice sus derechos humanos.<\/p>\n<p>&nbsp;<\/p>\n<p>Al t\u00e9rmino de la reuni\u00f3n, la Lic. Flor de Mar\u00eda Bernal \u00c1lvarez hizo entrega de un Brasier Oncol\u00f3gico, lo cual refleja el sentido humano<\/p>\n<p>con el que el gobierno municipal de Sunuapa y DIF municipal trabajan en beneficio de las mujeres y ni\u00f1as de nuestro municipio.<\/p>\n<p>&nbsp;<\/p>\n","protected":false},"excerpt":{"rendered":"<p>&nbsp; Esta primer sesi\u00f3n fue encabezada por la Lic. Flor de Mar\u00eda Bernal \u00c1lvarez en&#8230;<\/p>\n","protected":false},"author":2,"featured_media":33017,"comment_status":"closed","ping_status":"closed","sticky":false,"template":"","format":"standard","meta":{"_joinchat":[],"footnotes":""},"categories":[18,1,2,3],"tags":[],"class_list":["post-33016","post","type-post","status-publish","format-standard","has-post-thumbnail","hentry","category-almomento","category-boletin","category-estado","category-health"],"_links":{"self":[{"href":"https:\/\/icoinformativo.mx\/home\/index.php?rest_route=\/wp\/v2\/posts\/33016","targetHints":{"allow":["GET"]}}],"collection":[{"href":"https:\/\/icoinformativo.mx\/home\/index.php?rest_route=\/wp\/v2\/posts"}],"about":[{"href":"https:\/\/icoinformativo.mx\/home\/index.php?rest_route=\/wp\/v2\/types\/post"}],"author":[{"embeddable":true,"href":"https:\/\/icoinformativo.mx\/home\/index.php?rest_route=\/wp\/v2\/users\/2"}],"replies":[{"embeddable":true,"href":"https:\/\/icoinformativo.mx\/home\/index.php?rest_route=%2Fwp%2Fv2%2Fcomments&post=33016"}],"version-history":[{"count":1,"href":"https:\/\/icoinformativo.mx\/home\/index.php?rest_route=\/wp\/v2\/posts\/33016\/revisions"}],"predecessor-version":[{"id":33018,"href":"https:\/\/icoinformativo.mx\/home\/index.php?rest_route=\/wp\/v2\/posts\/33016\/revisions\/33018"}],"wp:featuredmedia":[{"embeddable":true,"href":"https:\/\/icoinformativo.mx\/home\/index.php?rest_route=\/wp\/v2\/media\/33017"}],"wp:attachment":[{"href":"https:\/\/icoinformativo.mx\/home\/index.php?rest_route=%2Fwp%2Fv2%2Fmedia&parent=33016"}],"wp:term":[{"taxonomy":"category","embeddable":true,"href":"https:\/\/icoinformativo.mx\/home\/index.php?rest_route=%2Fwp%2Fv2%2Fcategories&post=33016"},{"taxonomy":"post_tag","embeddable":true,"href":"https:\/\/icoinformativo.mx\/home\/index.php?rest_route=%2Fwp%2Fv2%2Ftags&post=33016"}],"curies":[{"name":"wp","href":"https:\/\/api.w.org\/{rel}","templated":true}]}}