{"id":33013,"date":"2025-06-28T03:24:20","date_gmt":"2025-06-28T03:24:20","guid":{"rendered":"https:\/\/icoinformativo.mx\/home\/?p=33013"},"modified":"2025-06-28T03:24:20","modified_gmt":"2025-06-28T03:24:20","slug":"ixtacomitan-es-fuerte-porque-su-gente-del-campo-nunca-se-rinde","status":"publish","type":"post","link":"https:\/\/icoinformativo.mx\/home\/?p=33013","title":{"rendered":"\u00a1Ixtacomit\u00e1n es fuerte porque su gente del campo nunca se rinde!"},"content":{"rendered":"<p>&nbsp;<\/p>\n<p>A los hombres y mujeres del campo de Ixtacomit\u00e1n: nuestros ejidatarios<\/p>\n<p>Mi reconocimiento profundo a cada uno de ustedes, guardianes de la tierra y del trabajo honesto que sostiene a nuestras comunidades.<br \/>\nEn ustedes vive la historia, la identidad y la fuerza de nuestro pueblo.<\/p>\n<p>Desde el gobierno municipal que tengo el honor de encabezar, reitero mi compromiso firme de seguir trabajando hombro a hombro con los ejidatarios, impulsando acciones que fortalezcan el campo, que mejoren sus condiciones de vida y que hagan valer sus derechos.<\/p>\n<p>Agradezco de manera especial el respaldo del regidor y comisariado ejidal Jose Ines Hernandez Jimenez, a la delegada Melbis Hernandez y la coordinaci\u00f3n con Ing Rusbeli, jefe de la SADER, as\u00ed como con el Residente de Pichucalco Antropologo M\u00e1ximo Pech Uc, quienes han demostrado su compromiso con el desarrollo agropecuario de nuestro municipio.<\/p>\n<p>Cuenten con un gobierno que escucha, que respeta y que act\u00faa.<br \/>\nCuenten con Miguel \u00c1ngel Moreno Palacios, un aliado del campo y de la gente trabajadora.<\/p>\n<p>Con respeto y compromiso,<br \/>\nMiguel \u00c1ngel Moreno Palacios<br \/>\nPresidente Municipal de Ixtacomit\u00e1n, Chiapas.<\/p>\n","protected":false},"excerpt":{"rendered":"<p>&nbsp; A los hombres y mujeres del campo de Ixtacomit\u00e1n: nuestros ejidatarios Mi reconocimiento profundo&#8230;<\/p>\n","protected":false},"author":2,"featured_media":33014,"comment_status":"closed","ping_status":"closed","sticky":false,"template":"","format":"standard","meta":{"_joinchat":[],"footnotes":""},"categories":[18,1,2,3],"tags":[],"class_list":["post-33013","post","type-post","status-publish","format-standard","has-post-thumbnail","hentry","category-almomento","category-boletin","category-estado","category-health"],"_links":{"self":[{"href":"https:\/\/icoinformativo.mx\/home\/index.php?rest_route=\/wp\/v2\/posts\/33013","targetHints":{"allow":["GET"]}}],"collection":[{"href":"https:\/\/icoinformativo.mx\/home\/index.php?rest_route=\/wp\/v2\/posts"}],"about":[{"href":"https:\/\/icoinformativo.mx\/home\/index.php?rest_route=\/wp\/v2\/types\/post"}],"author":[{"embeddable":true,"href":"https:\/\/icoinformativo.mx\/home\/index.php?rest_route=\/wp\/v2\/users\/2"}],"replies":[{"embeddable":true,"href":"https:\/\/icoinformativo.mx\/home\/index.php?rest_route=%2Fwp%2Fv2%2Fcomments&post=33013"}],"version-history":[{"count":1,"href":"https:\/\/icoinformativo.mx\/home\/index.php?rest_route=\/wp\/v2\/posts\/33013\/revisions"}],"predecessor-version":[{"id":33015,"href":"https:\/\/icoinformativo.mx\/home\/index.php?rest_route=\/wp\/v2\/posts\/33013\/revisions\/33015"}],"wp:featuredmedia":[{"embeddable":true,"href":"https:\/\/icoinformativo.mx\/home\/index.php?rest_route=\/wp\/v2\/media\/33014"}],"wp:attachment":[{"href":"https:\/\/icoinformativo.mx\/home\/index.php?rest_route=%2Fwp%2Fv2%2Fmedia&parent=33013"}],"wp:term":[{"taxonomy":"category","embeddable":true,"href":"https:\/\/icoinformativo.mx\/home\/index.php?rest_route=%2Fwp%2Fv2%2Fcategories&post=33013"},{"taxonomy":"post_tag","embeddable":true,"href":"https:\/\/icoinformativo.mx\/home\/index.php?rest_route=%2Fwp%2Fv2%2Ftags&post=33013"}],"curies":[{"name":"wp","href":"https:\/\/api.w.org\/{rel}","templated":true}]}}