{"id":33003,"date":"2025-06-27T04:30:43","date_gmt":"2025-06-27T04:30:43","guid":{"rendered":"https:\/\/icoinformativo.mx\/home\/?p=33003"},"modified":"2025-06-27T04:30:43","modified_gmt":"2025-06-27T04:30:43","slug":"las-comunidades-de-ixtacomitan-se-suman-al-programa-chiapas-puede","status":"publish","type":"post","link":"https:\/\/icoinformativo.mx\/home\/?p=33003","title":{"rendered":"Las Comunidades de Ixtacomit\u00e1n se suman al programa \u00abChiapas Puede\u00bb"},"content":{"rendered":"<p>Porque creemos firmemente que \u201cChiapas Puede\u201d y \u00a1Ixtacomit\u00e1n tambi\u00e9n puede!<\/p>\n<p>La educaci\u00f3n es un derecho que todas y todos debemos ejercer, sin importar la edad ni el lugar donde vivamos.<\/p>\n<p>Ante est\u00e1 acci\u00f3n el presidente municipal Miguel Angel Moreno Palacios celebra con orgullo el esfuerzo de las y los estudiantes de Catarina 1ra Secci\u00f3n, Loma de Caballo, Otra Banda, Matamoros, Providencia y Jana, quienes participan activamente en el programa Chiapas Puede, impulsado por el ICHEJA.<\/p>\n<p>\u00abGracias gracias a nuestro se\u00f1or gobernador Eduardo Ram\u00edrez y a las asesoras educativas Laura G\u00f3mez Mondrag\u00f3n (Otra Banda, Loma de Caballo, Providencia) y Ver\u00f3nica Gonz\u00e1lez S\u00e1nchez (Catarina), por su entrega y compromiso con la ense\u00f1anza. \u00a1Ustedes son ejemplo de transformaci\u00f3n con sentido humano!\u00bb; destac\u00f3 el alcalde.<\/p>\n<p>Seguiremos trabajando para que la educaci\u00f3n llegue a cada rinc\u00f3n de nuestro municipio.<\/p>\n<p>&nbsp;<\/p>\n","protected":false},"excerpt":{"rendered":"<p>Porque creemos firmemente que \u201cChiapas Puede\u201d y \u00a1Ixtacomit\u00e1n tambi\u00e9n puede! La educaci\u00f3n es un derecho&#8230;<\/p>\n","protected":false},"author":2,"featured_media":33004,"comment_status":"closed","ping_status":"closed","sticky":false,"template":"","format":"standard","meta":{"_joinchat":[],"footnotes":""},"categories":[18,1,2,3],"tags":[],"class_list":["post-33003","post","type-post","status-publish","format-standard","has-post-thumbnail","hentry","category-almomento","category-boletin","category-estado","category-health"],"_links":{"self":[{"href":"https:\/\/icoinformativo.mx\/home\/index.php?rest_route=\/wp\/v2\/posts\/33003","targetHints":{"allow":["GET"]}}],"collection":[{"href":"https:\/\/icoinformativo.mx\/home\/index.php?rest_route=\/wp\/v2\/posts"}],"about":[{"href":"https:\/\/icoinformativo.mx\/home\/index.php?rest_route=\/wp\/v2\/types\/post"}],"author":[{"embeddable":true,"href":"https:\/\/icoinformativo.mx\/home\/index.php?rest_route=\/wp\/v2\/users\/2"}],"replies":[{"embeddable":true,"href":"https:\/\/icoinformativo.mx\/home\/index.php?rest_route=%2Fwp%2Fv2%2Fcomments&post=33003"}],"version-history":[{"count":1,"href":"https:\/\/icoinformativo.mx\/home\/index.php?rest_route=\/wp\/v2\/posts\/33003\/revisions"}],"predecessor-version":[{"id":33005,"href":"https:\/\/icoinformativo.mx\/home\/index.php?rest_route=\/wp\/v2\/posts\/33003\/revisions\/33005"}],"wp:featuredmedia":[{"embeddable":true,"href":"https:\/\/icoinformativo.mx\/home\/index.php?rest_route=\/wp\/v2\/media\/33004"}],"wp:attachment":[{"href":"https:\/\/icoinformativo.mx\/home\/index.php?rest_route=%2Fwp%2Fv2%2Fmedia&parent=33003"}],"wp:term":[{"taxonomy":"category","embeddable":true,"href":"https:\/\/icoinformativo.mx\/home\/index.php?rest_route=%2Fwp%2Fv2%2Fcategories&post=33003"},{"taxonomy":"post_tag","embeddable":true,"href":"https:\/\/icoinformativo.mx\/home\/index.php?rest_route=%2Fwp%2Fv2%2Ftags&post=33003"}],"curies":[{"name":"wp","href":"https:\/\/api.w.org\/{rel}","templated":true}]}}