{"id":32993,"date":"2025-06-26T03:17:44","date_gmt":"2025-06-26T03:17:44","guid":{"rendered":"https:\/\/icoinformativo.mx\/home\/?p=32993"},"modified":"2025-06-26T03:17:44","modified_gmt":"2025-06-26T03:17:44","slug":"eduardo-ramirez-y-sep-fortalecen-dialogo-con-el-magisterio-para-avanzar-en-la-agenda-educativa-de-chiapas","status":"publish","type":"post","link":"https:\/\/icoinformativo.mx\/home\/?p=32993","title":{"rendered":"*Eduardo Ram\u00edrez y SEP fortalecen di\u00e1logo con el magisterio para avanzar en la agenda educativa de Chiapas*"},"content":{"rendered":"<p>&#8211; Se reuni\u00f3 con Mario Delgado Carrillo; el secretario general de la Secci\u00f3n 7 del SNTE-CNTE, Isael Gonz\u00e1lez, e integrantes de este sindicato<\/p>\n<p>El gobernador Eduardo Ram\u00edrez Aguilar sostuvo una reuni\u00f3n de trabajo con el secretario de Educaci\u00f3n P\u00fablica, Mario Delgado Carrillo; el secretario general de la Secci\u00f3n 7 del SNTE-CNTE, Isael Gonz\u00e1lez V\u00e1zquez, e integrantes de este sindicato, con el prop\u00f3sito de dar seguimiento a temas prioritarios de la agenda educativa.<\/p>\n<p>&nbsp;<\/p>\n<p>Tras el encuentro, el mandatario destac\u00f3 que se reafirm\u00f3 el compromiso con la gobernabilidad y se fortaleci\u00f3 el di\u00e1logo respetuoso y permanente que se mantiene con el magisterio chiapaneco.<\/p>\n<p>&nbsp;<\/p>\n<p>Ram\u00edrez Aguilar reiter\u00f3 que la educaci\u00f3n es uno de los pilares fundamentales de su administraci\u00f3n, por lo que se trabaja en estrecha coordinaci\u00f3n con la Federaci\u00f3n, as\u00ed como con las y los docentes, para garantizar avances en la materia que permitan impulsar el desarrollo del estado.<\/p>\n<p>&nbsp;<\/p>\n<p>Asimismo, expres\u00f3 su agradecimiento al Gobierno de M\u00e9xico, a trav\u00e9s de la Secretar\u00eda de Educaci\u00f3n P\u00fablica (SEP), por el respaldo brindado al sistema educativo de Chiapas, y reconoci\u00f3 la labor de las y los maestros que contribuyen a la formaci\u00f3n de nuevas generaciones de chiapanecas y chiapanecos.<\/p>\n","protected":false},"excerpt":{"rendered":"<p>&#8211; Se reuni\u00f3 con Mario Delgado Carrillo; el secretario general de la Secci\u00f3n 7 del&#8230;<\/p>\n","protected":false},"author":2,"featured_media":32994,"comment_status":"closed","ping_status":"closed","sticky":false,"template":"","format":"standard","meta":{"_joinchat":[],"footnotes":""},"categories":[18,1,2,3],"tags":[],"class_list":["post-32993","post","type-post","status-publish","format-standard","has-post-thumbnail","hentry","category-almomento","category-boletin","category-estado","category-health"],"_links":{"self":[{"href":"https:\/\/icoinformativo.mx\/home\/index.php?rest_route=\/wp\/v2\/posts\/32993","targetHints":{"allow":["GET"]}}],"collection":[{"href":"https:\/\/icoinformativo.mx\/home\/index.php?rest_route=\/wp\/v2\/posts"}],"about":[{"href":"https:\/\/icoinformativo.mx\/home\/index.php?rest_route=\/wp\/v2\/types\/post"}],"author":[{"embeddable":true,"href":"https:\/\/icoinformativo.mx\/home\/index.php?rest_route=\/wp\/v2\/users\/2"}],"replies":[{"embeddable":true,"href":"https:\/\/icoinformativo.mx\/home\/index.php?rest_route=%2Fwp%2Fv2%2Fcomments&post=32993"}],"version-history":[{"count":1,"href":"https:\/\/icoinformativo.mx\/home\/index.php?rest_route=\/wp\/v2\/posts\/32993\/revisions"}],"predecessor-version":[{"id":32995,"href":"https:\/\/icoinformativo.mx\/home\/index.php?rest_route=\/wp\/v2\/posts\/32993\/revisions\/32995"}],"wp:featuredmedia":[{"embeddable":true,"href":"https:\/\/icoinformativo.mx\/home\/index.php?rest_route=\/wp\/v2\/media\/32994"}],"wp:attachment":[{"href":"https:\/\/icoinformativo.mx\/home\/index.php?rest_route=%2Fwp%2Fv2%2Fmedia&parent=32993"}],"wp:term":[{"taxonomy":"category","embeddable":true,"href":"https:\/\/icoinformativo.mx\/home\/index.php?rest_route=%2Fwp%2Fv2%2Fcategories&post=32993"},{"taxonomy":"post_tag","embeddable":true,"href":"https:\/\/icoinformativo.mx\/home\/index.php?rest_route=%2Fwp%2Fv2%2Ftags&post=32993"}],"curies":[{"name":"wp","href":"https:\/\/api.w.org\/{rel}","templated":true}]}}