{"id":32987,"date":"2025-06-24T03:32:03","date_gmt":"2025-06-24T03:32:03","guid":{"rendered":"https:\/\/icoinformativo.mx\/home\/?p=32987"},"modified":"2025-06-24T03:32:03","modified_gmt":"2025-06-24T03:32:03","slug":"en-sunuapa-se-llevo-a-cabo-la-instalacion-oficial-del-consejo-municipal-de-participacion-escolar-en-la-educacion","status":"publish","type":"post","link":"https:\/\/icoinformativo.mx\/home\/?p=32987","title":{"rendered":"En Sunuapa se llev\u00f3 a cabo la instalaci\u00f3n oficial del Consejo Municipal de Participaci\u00f3n Escolar en la Educaci\u00f3n"},"content":{"rendered":"<p>&nbsp;<\/p>\n<p>Con el objetivo de fortalecer la conexi\u00f3n entre la comunidad y las instituciones educativas, y promoviendo la colaboraci\u00f3n para una mejor educaci\u00f3n, se llev\u00f3 a cabo la instalaci\u00f3n de este consejo, reuni\u00f3n que fue encabezada por el presidente municipal Lic. Fredi Ramirez Diaz, quien agradeci\u00f3 el apoyo otorgado por parte del Lic. Jorge Diego Nigenda Ya\u00f1ez, Enlace Federal de Tuxtla Guti\u00e9rrez, y la Lic. Deisy Yazmin Moscoso Ramos, Enlace de Desarrollo Social de la Delegaci\u00f3n Regional de Pichucalco.<\/p>\n<p>&nbsp;<\/p>\n<p>En esta reuni\u00f3n participaron directores y representantes de los diferentes planteles educativos, desde preescolar hasta el nivel medio superior, e integrantes de la sociedad en general, en la cual se abordaron temas para la soluci\u00f3n de problemas, planificaci\u00f3n y participaci\u00f3n de todos en la mejora de la calidad educativa e infraestructura para que los estudiantes cuenten con instalaciones dignas y seguras.<\/p>\n<p>&nbsp;<\/p>\n<p>Estas acciones reafirman el compromiso del Gobierno Municipal Sunuapa 2024 &#8211; 2027 tiene con la educaci\u00f3n, para que esta, sea de calidad, inclusiva y con sentido humano.<\/p>\n<p>&nbsp;<\/p>\n<p>\u00a1Juntos por una mejor educaci\u00f3n!<\/p>\n<p>&nbsp;<\/p>\n<p>#sunuapaenprogresoydesarrolloparatodos<\/p>\n<p>#HumanismoQueTransforma<\/p>\n<p>#gobiernomunicipalsunuapa20242027<\/p>\n","protected":false},"excerpt":{"rendered":"<p>&nbsp; Con el objetivo de fortalecer la conexi\u00f3n entre la comunidad y las instituciones educativas,&#8230;<\/p>\n","protected":false},"author":2,"featured_media":32988,"comment_status":"closed","ping_status":"closed","sticky":false,"template":"","format":"standard","meta":{"_joinchat":[],"footnotes":""},"categories":[18,1,2,3],"tags":[],"class_list":["post-32987","post","type-post","status-publish","format-standard","has-post-thumbnail","hentry","category-almomento","category-boletin","category-estado","category-health"],"_links":{"self":[{"href":"https:\/\/icoinformativo.mx\/home\/index.php?rest_route=\/wp\/v2\/posts\/32987","targetHints":{"allow":["GET"]}}],"collection":[{"href":"https:\/\/icoinformativo.mx\/home\/index.php?rest_route=\/wp\/v2\/posts"}],"about":[{"href":"https:\/\/icoinformativo.mx\/home\/index.php?rest_route=\/wp\/v2\/types\/post"}],"author":[{"embeddable":true,"href":"https:\/\/icoinformativo.mx\/home\/index.php?rest_route=\/wp\/v2\/users\/2"}],"replies":[{"embeddable":true,"href":"https:\/\/icoinformativo.mx\/home\/index.php?rest_route=%2Fwp%2Fv2%2Fcomments&post=32987"}],"version-history":[{"count":1,"href":"https:\/\/icoinformativo.mx\/home\/index.php?rest_route=\/wp\/v2\/posts\/32987\/revisions"}],"predecessor-version":[{"id":32989,"href":"https:\/\/icoinformativo.mx\/home\/index.php?rest_route=\/wp\/v2\/posts\/32987\/revisions\/32989"}],"wp:featuredmedia":[{"embeddable":true,"href":"https:\/\/icoinformativo.mx\/home\/index.php?rest_route=\/wp\/v2\/media\/32988"}],"wp:attachment":[{"href":"https:\/\/icoinformativo.mx\/home\/index.php?rest_route=%2Fwp%2Fv2%2Fmedia&parent=32987"}],"wp:term":[{"taxonomy":"category","embeddable":true,"href":"https:\/\/icoinformativo.mx\/home\/index.php?rest_route=%2Fwp%2Fv2%2Fcategories&post=32987"},{"taxonomy":"post_tag","embeddable":true,"href":"https:\/\/icoinformativo.mx\/home\/index.php?rest_route=%2Fwp%2Fv2%2Ftags&post=32987"}],"curies":[{"name":"wp","href":"https:\/\/api.w.org\/{rel}","templated":true}]}}