{"id":32984,"date":"2025-06-24T03:30:22","date_gmt":"2025-06-24T03:30:22","guid":{"rendered":"https:\/\/icoinformativo.mx\/home\/?p=32984"},"modified":"2025-06-24T03:30:22","modified_gmt":"2025-06-24T03:30:22","slug":"reparacion-de-linea-de-agua-en-ixtacomitan","status":"publish","type":"post","link":"https:\/\/icoinformativo.mx\/home\/?p=32984","title":{"rendered":"Reparaci\u00f3n de l\u00ednea de agua en Ixtacomit\u00e1n"},"content":{"rendered":"<p>&nbsp;<\/p>\n<p>Informamos a la ciudadan\u00eda que debido a la ca\u00edda de un \u00e1rbol en la zona de captaci\u00f3n conocida como El Cerro, se vio afectada la l\u00ednea de tuber\u00eda de 4 pulgadas, lo que provoc\u00f3 la interrupci\u00f3n del suministro de agua en algunas calles de la cabecera municipal, espec\u00edficamente en calle Las Flores, San Jos\u00e9 y Viejo Ixtacomit\u00e1n entre otras.<\/p>\n<p>Se realiz\u00f3 la reparaci\u00f3n correspondiente y el servicio ya se est\u00e1 normalizando en las zonas afectadas.<\/p>\n<p>Agradecemos la comprensi\u00f3n de la poblaci\u00f3n y el trabajo del personal de servicios p\u00fablicos por su pronta respuesta pedimos de manera respetuosa que no se manipulen las v\u00e1lvulas que distribuyen el vital l\u00edquido solo lo puede realizar personal del ayuntamiento.<\/p>\n<p>#UnidadTrabajoYTransformacion<br \/>\n#NuevaERA<br \/>\n#HumanismoQueTransforma<\/p>\n","protected":false},"excerpt":{"rendered":"<p>&nbsp; Informamos a la ciudadan\u00eda que debido a la ca\u00edda de un \u00e1rbol en la&#8230;<\/p>\n","protected":false},"author":2,"featured_media":32985,"comment_status":"closed","ping_status":"closed","sticky":false,"template":"","format":"standard","meta":{"_joinchat":[],"footnotes":""},"categories":[1,2,3],"tags":[],"class_list":["post-32984","post","type-post","status-publish","format-standard","has-post-thumbnail","hentry","category-boletin","category-estado","category-health"],"_links":{"self":[{"href":"https:\/\/icoinformativo.mx\/home\/index.php?rest_route=\/wp\/v2\/posts\/32984","targetHints":{"allow":["GET"]}}],"collection":[{"href":"https:\/\/icoinformativo.mx\/home\/index.php?rest_route=\/wp\/v2\/posts"}],"about":[{"href":"https:\/\/icoinformativo.mx\/home\/index.php?rest_route=\/wp\/v2\/types\/post"}],"author":[{"embeddable":true,"href":"https:\/\/icoinformativo.mx\/home\/index.php?rest_route=\/wp\/v2\/users\/2"}],"replies":[{"embeddable":true,"href":"https:\/\/icoinformativo.mx\/home\/index.php?rest_route=%2Fwp%2Fv2%2Fcomments&post=32984"}],"version-history":[{"count":1,"href":"https:\/\/icoinformativo.mx\/home\/index.php?rest_route=\/wp\/v2\/posts\/32984\/revisions"}],"predecessor-version":[{"id":32986,"href":"https:\/\/icoinformativo.mx\/home\/index.php?rest_route=\/wp\/v2\/posts\/32984\/revisions\/32986"}],"wp:featuredmedia":[{"embeddable":true,"href":"https:\/\/icoinformativo.mx\/home\/index.php?rest_route=\/wp\/v2\/media\/32985"}],"wp:attachment":[{"href":"https:\/\/icoinformativo.mx\/home\/index.php?rest_route=%2Fwp%2Fv2%2Fmedia&parent=32984"}],"wp:term":[{"taxonomy":"category","embeddable":true,"href":"https:\/\/icoinformativo.mx\/home\/index.php?rest_route=%2Fwp%2Fv2%2Fcategories&post=32984"},{"taxonomy":"post_tag","embeddable":true,"href":"https:\/\/icoinformativo.mx\/home\/index.php?rest_route=%2Fwp%2Fv2%2Ftags&post=32984"}],"curies":[{"name":"wp","href":"https:\/\/api.w.org\/{rel}","templated":true}]}}