{"id":32972,"date":"2025-06-20T03:36:54","date_gmt":"2025-06-20T03:36:54","guid":{"rendered":"https:\/\/icoinformativo.mx\/home\/?p=32972"},"modified":"2025-06-20T03:36:54","modified_gmt":"2025-06-20T03:36:54","slug":"en-sunuapa-se-suman-a-la-lucha-contra-el-cancer-de-mama","status":"publish","type":"post","link":"https:\/\/icoinformativo.mx\/home\/?p=32972","title":{"rendered":"En Sunuapa, se suman a la lucha contra el c\u00e1ncer de mama"},"content":{"rendered":"<p>El Gobierno Municipal Sunuapa 2024 &#8211; 2027 que encabeza el Lic. Fredi Ramirez Diaz a trav\u00e9s de la secretaria de la mujer e igualdad de genero se suma a la lucha contra el c\u00e1ncer de mama.<\/p>\n<p>Como cada d\u00eda 19 de cada mes nos unimos con empat\u00eda y solidaridad a la conmemoraci\u00f3n del d\u00eda Rosa la cual forma parte de una campa\u00f1a para concientizar y sensibilizar a la sociedad sobre la importancia de la prevenci\u00f3n y la autoexploraci\u00f3n para la detecci\u00f3n temprana y as\u00ed buscar el diagn\u00f3stico y tratamiento a esta enfermedad.<\/p>\n<p>En el D\u00eda Estatal de la Lucha Contra el C\u00e1ncer de Mama, recordamos el valor de cuidar nuestra salud y la importancia de atendernos a tiempo.<\/p>\n<p>\u00a1El diagn\u00f3stico oportuno salva vidas, autoexplorate!<\/p>\n<p>#sunuapaenprogresoydesarrolloparatodos<br \/>\n#gobiernomunicipalsunuapa20242027<br \/>\n#difmunicipalsunuapa20242027<br \/>\n#HumanismoQueTransforma<\/p>\n","protected":false},"excerpt":{"rendered":"<p>El Gobierno Municipal Sunuapa 2024 &#8211; 2027 que encabeza el Lic. Fredi Ramirez Diaz a&#8230;<\/p>\n","protected":false},"author":2,"featured_media":32973,"comment_status":"closed","ping_status":"closed","sticky":false,"template":"","format":"standard","meta":{"_joinchat":[],"footnotes":""},"categories":[18,1,2,3],"tags":[],"class_list":["post-32972","post","type-post","status-publish","format-standard","has-post-thumbnail","hentry","category-almomento","category-boletin","category-estado","category-health"],"_links":{"self":[{"href":"https:\/\/icoinformativo.mx\/home\/index.php?rest_route=\/wp\/v2\/posts\/32972","targetHints":{"allow":["GET"]}}],"collection":[{"href":"https:\/\/icoinformativo.mx\/home\/index.php?rest_route=\/wp\/v2\/posts"}],"about":[{"href":"https:\/\/icoinformativo.mx\/home\/index.php?rest_route=\/wp\/v2\/types\/post"}],"author":[{"embeddable":true,"href":"https:\/\/icoinformativo.mx\/home\/index.php?rest_route=\/wp\/v2\/users\/2"}],"replies":[{"embeddable":true,"href":"https:\/\/icoinformativo.mx\/home\/index.php?rest_route=%2Fwp%2Fv2%2Fcomments&post=32972"}],"version-history":[{"count":1,"href":"https:\/\/icoinformativo.mx\/home\/index.php?rest_route=\/wp\/v2\/posts\/32972\/revisions"}],"predecessor-version":[{"id":32974,"href":"https:\/\/icoinformativo.mx\/home\/index.php?rest_route=\/wp\/v2\/posts\/32972\/revisions\/32974"}],"wp:featuredmedia":[{"embeddable":true,"href":"https:\/\/icoinformativo.mx\/home\/index.php?rest_route=\/wp\/v2\/media\/32973"}],"wp:attachment":[{"href":"https:\/\/icoinformativo.mx\/home\/index.php?rest_route=%2Fwp%2Fv2%2Fmedia&parent=32972"}],"wp:term":[{"taxonomy":"category","embeddable":true,"href":"https:\/\/icoinformativo.mx\/home\/index.php?rest_route=%2Fwp%2Fv2%2Fcategories&post=32972"},{"taxonomy":"post_tag","embeddable":true,"href":"https:\/\/icoinformativo.mx\/home\/index.php?rest_route=%2Fwp%2Fv2%2Ftags&post=32972"}],"curies":[{"name":"wp","href":"https:\/\/api.w.org\/{rel}","templated":true}]}}