{"id":32968,"date":"2025-06-17T15:03:24","date_gmt":"2025-06-17T15:03:24","guid":{"rendered":"https:\/\/icoinformativo.mx\/home\/?p=32968"},"modified":"2025-06-17T15:03:24","modified_gmt":"2025-06-17T15:03:24","slug":"culmina-con-gran-exito-la-feria-ixtacomitan-2025","status":"publish","type":"post","link":"https:\/\/icoinformativo.mx\/home\/?p=32968","title":{"rendered":"CULMINA CON GRAN \u00c9XITO LA FERIA IXTACOMIT\u00c1N 2025"},"content":{"rendered":"<p>&nbsp;<\/p>\n<p>Ixtacomit\u00e1n Chiapas H. Ayuntamiento 2024-2027<\/p>\n<p>El Presidente Municipal, de Ixtacomit\u00e1n Miguel Angel Moreno Palacios clausur\u00f3 este domingo la feria Ixtacomit\u00e1n 2025 en honor a la Sant\u00edsima Trinidad<\/p>\n<p>El alcalde Agradeci\u00f3 los programas culturales presentados por los distintos ballets Folkl\u00f3ricos y las presentaciones art\u00edsticas de Grupo Predominio, Tierra Sagrada, Guerra de DJS, los Kumbias Kings, Chemaney y Mi Banda el Mexicano (de Germ\u00e1n Rom\u00e1n) en el cual todo transcurrieron en total calma, alegr\u00eda y diversi\u00f3n.<\/p>\n<p>Ante la multitud que se dio cita en el domo del parque central para disfrutar del \u00faltimo artista Mi Banda el Mexicano (de German Rom\u00e1n), el alcalde Miguel Angel Moreno Palacio recalc\u00f3 la buena organizaci\u00f3n de las diversas actividades religiosas por parte de los feligreses cat\u00f3licos,<\/p>\n<p>Finalmente, en el acto de clausura, agradeci\u00f3 a todos los asistentes su valiosa participaci\u00f3n en esta gran fiesta, llevando a buen t\u00e9rmino la Feria Ixtacomit\u00e1n 2025<\/p>\n<p>El Presidente de Ixtacomit\u00e1n estuvo acompa\u00f1ado por su cabildo su esposa, por el Presidente de Sunuapa Fredi Ramirez Diaz<br \/>\nNos vemos en el 2026<\/p>\n","protected":false},"excerpt":{"rendered":"<p>&nbsp; Ixtacomit\u00e1n Chiapas H. Ayuntamiento 2024-2027 El Presidente Municipal, de Ixtacomit\u00e1n Miguel Angel Moreno Palacios&#8230;<\/p>\n","protected":false},"author":2,"featured_media":32969,"comment_status":"closed","ping_status":"closed","sticky":false,"template":"","format":"standard","meta":{"_joinchat":[],"footnotes":""},"categories":[18,1,2,3],"tags":[],"class_list":["post-32968","post","type-post","status-publish","format-standard","has-post-thumbnail","hentry","category-almomento","category-boletin","category-estado","category-health"],"_links":{"self":[{"href":"https:\/\/icoinformativo.mx\/home\/index.php?rest_route=\/wp\/v2\/posts\/32968","targetHints":{"allow":["GET"]}}],"collection":[{"href":"https:\/\/icoinformativo.mx\/home\/index.php?rest_route=\/wp\/v2\/posts"}],"about":[{"href":"https:\/\/icoinformativo.mx\/home\/index.php?rest_route=\/wp\/v2\/types\/post"}],"author":[{"embeddable":true,"href":"https:\/\/icoinformativo.mx\/home\/index.php?rest_route=\/wp\/v2\/users\/2"}],"replies":[{"embeddable":true,"href":"https:\/\/icoinformativo.mx\/home\/index.php?rest_route=%2Fwp%2Fv2%2Fcomments&post=32968"}],"version-history":[{"count":1,"href":"https:\/\/icoinformativo.mx\/home\/index.php?rest_route=\/wp\/v2\/posts\/32968\/revisions"}],"predecessor-version":[{"id":32970,"href":"https:\/\/icoinformativo.mx\/home\/index.php?rest_route=\/wp\/v2\/posts\/32968\/revisions\/32970"}],"wp:featuredmedia":[{"embeddable":true,"href":"https:\/\/icoinformativo.mx\/home\/index.php?rest_route=\/wp\/v2\/media\/32969"}],"wp:attachment":[{"href":"https:\/\/icoinformativo.mx\/home\/index.php?rest_route=%2Fwp%2Fv2%2Fmedia&parent=32968"}],"wp:term":[{"taxonomy":"category","embeddable":true,"href":"https:\/\/icoinformativo.mx\/home\/index.php?rest_route=%2Fwp%2Fv2%2Fcategories&post=32968"},{"taxonomy":"post_tag","embeddable":true,"href":"https:\/\/icoinformativo.mx\/home\/index.php?rest_route=%2Fwp%2Fv2%2Ftags&post=32968"}],"curies":[{"name":"wp","href":"https:\/\/api.w.org\/{rel}","templated":true}]}}