{"id":32943,"date":"2025-06-10T03:40:18","date_gmt":"2025-06-10T03:40:18","guid":{"rendered":"https:\/\/icoinformativo.mx\/home\/?p=32943"},"modified":"2025-06-10T03:40:18","modified_gmt":"2025-06-10T03:40:18","slug":"acompana-fredi-ramirez-diaz-a-secretaria-de-gobierno-patricia-conde-a-inauguracion-de-oficinas-de-la-subsecretaria","status":"publish","type":"post","link":"https:\/\/icoinformativo.mx\/home\/?p=32943","title":{"rendered":"Acompa\u00f1a Fredi Ramirez Diaz a secretaria de gobierno Patricia Conde a inauguraci\u00f3n de oficinas de la subsecretar\u00eda\u00a0"},"content":{"rendered":"<p>&nbsp;<\/p>\n<p>Este medio d\u00eda, el alcalde de Sunuapa Fredi Ramirez Diaz salud\u00f3 y acompa\u00f1\u00f3 a la Secretaria de Gobierno y a la Secretaria de Anticurrupcion Ana Laura Basurto, en donde asistieron hom\u00f3logos alcalde de la zona y delegados de la zona.<\/p>\n<p>&nbsp;<\/p>\n<p>Durante la inauguraci\u00f3n las autoridades recorrieron los departamentos de esta dependencia, misma que servir\u00e1 para llevar a cabo las reuniones de seguridad y de otra \u00edndole.<\/p>\n<p>&nbsp;<\/p>\n<p>Ah\u00ed, Ram\u00edrez D\u00edaz aprovecho La convocatoria para dar a conocer las necesidades propias de su municipio.<\/p>\n<p>&nbsp;<\/p>\n<p>\u00abD\u00f3nde me deja con la satisfacci\u00f3n del deber cumplido y seguro estoy que primero Dios muy ponto tendremos los resultados esperados\u00bb.<\/p>\n<p>&nbsp;<\/p>\n<p>#sunuapaenprogresoydesarrolloparatodos<\/p>\n<p>#HumanismoQueTransforma<\/p>\n","protected":false},"excerpt":{"rendered":"<p>&nbsp; Este medio d\u00eda, el alcalde de Sunuapa Fredi Ramirez Diaz salud\u00f3 y acompa\u00f1\u00f3 a&#8230;<\/p>\n","protected":false},"author":2,"featured_media":32944,"comment_status":"closed","ping_status":"closed","sticky":false,"template":"","format":"standard","meta":{"_joinchat":[],"footnotes":""},"categories":[18,1,2,3],"tags":[],"class_list":["post-32943","post","type-post","status-publish","format-standard","has-post-thumbnail","hentry","category-almomento","category-boletin","category-estado","category-health"],"_links":{"self":[{"href":"https:\/\/icoinformativo.mx\/home\/index.php?rest_route=\/wp\/v2\/posts\/32943","targetHints":{"allow":["GET"]}}],"collection":[{"href":"https:\/\/icoinformativo.mx\/home\/index.php?rest_route=\/wp\/v2\/posts"}],"about":[{"href":"https:\/\/icoinformativo.mx\/home\/index.php?rest_route=\/wp\/v2\/types\/post"}],"author":[{"embeddable":true,"href":"https:\/\/icoinformativo.mx\/home\/index.php?rest_route=\/wp\/v2\/users\/2"}],"replies":[{"embeddable":true,"href":"https:\/\/icoinformativo.mx\/home\/index.php?rest_route=%2Fwp%2Fv2%2Fcomments&post=32943"}],"version-history":[{"count":1,"href":"https:\/\/icoinformativo.mx\/home\/index.php?rest_route=\/wp\/v2\/posts\/32943\/revisions"}],"predecessor-version":[{"id":32945,"href":"https:\/\/icoinformativo.mx\/home\/index.php?rest_route=\/wp\/v2\/posts\/32943\/revisions\/32945"}],"wp:featuredmedia":[{"embeddable":true,"href":"https:\/\/icoinformativo.mx\/home\/index.php?rest_route=\/wp\/v2\/media\/32944"}],"wp:attachment":[{"href":"https:\/\/icoinformativo.mx\/home\/index.php?rest_route=%2Fwp%2Fv2%2Fmedia&parent=32943"}],"wp:term":[{"taxonomy":"category","embeddable":true,"href":"https:\/\/icoinformativo.mx\/home\/index.php?rest_route=%2Fwp%2Fv2%2Fcategories&post=32943"},{"taxonomy":"post_tag","embeddable":true,"href":"https:\/\/icoinformativo.mx\/home\/index.php?rest_route=%2Fwp%2Fv2%2Ftags&post=32943"}],"curies":[{"name":"wp","href":"https:\/\/api.w.org\/{rel}","templated":true}]}}