{"id":32937,"date":"2025-06-10T01:56:03","date_gmt":"2025-06-10T01:56:03","guid":{"rendered":"https:\/\/icoinformativo.mx\/home\/?p=32937"},"modified":"2025-06-10T01:56:03","modified_gmt":"2025-06-10T01:56:03","slug":"en-palenque-eduardo-ramirez-entrega-apoyos-educativos-y-reafirma-compromiso-con-la-transformacion","status":"publish","type":"post","link":"https:\/\/icoinformativo.mx\/home\/?p=32937","title":{"rendered":"*En Palenque, Eduardo Ram\u00edrez entrega apoyos educativos y reafirma compromiso con la transformaci\u00f3n*"},"content":{"rendered":"<p>&nbsp;<\/p>\n<p>&#8211; Recorri\u00f3 las instalaciones del Centro de Justicia para las Mujeres en este municipio.<\/p>\n<p>Durante su gira de trabajo por el municipio de Palenque, el gobernador Eduardo Ram\u00edrez Aguilar, encabez\u00f3 la entrega de becas Rosario Castellanos, apoyos de los programas Conecta Chiapas y Alfacel, as\u00ed como la supervisi\u00f3n de los C\u00edrculos de Estudio del programa de alfabetizaci\u00f3n Chiapas Puede. En ese marco, reiter\u00f3 su firme compromiso de transformar al estado a trav\u00e9s de la educaci\u00f3n.<\/p>\n<p>&nbsp;<\/p>\n<p>Celebr\u00f3 que m\u00e1s de 2 mil personas est\u00e9n participando en los procesos de alfabetizaci\u00f3n en el municipio, quienes reciben la beca Rosario Castellanos, como un est\u00edmulo adicional a lo verdaderamente esencial: aprender a leer y escribir. Subray\u00f3 que adquirir estas habilidades les abrir\u00e1 nuevas posibilidades que les ayudar\u00e1n en la vida.<\/p>\n<p>&nbsp;<\/p>\n<p>Ram\u00edrez Aguilar tambi\u00e9n agradeci\u00f3 la labor de las y los alfabetizadores, cuyo esfuerzo hace posible avanzar en la erradicaci\u00f3n del rezago educativo, y alent\u00f3 a las personas que est\u00e1n aprendiendo a que no se detengan y concluyan los siguientes niveles de formaci\u00f3n.<\/p>\n<p>&nbsp;<\/p>\n<p>\u201cEstamos dando el primer paso. Dicen que el ser humano primero aprende a gatear, despu\u00e9s a dar el primer paso y ya no se detiene. As\u00ed es Chiapas: Chiapas puede, Chiapas va hacia adelante y Chiapas tendr\u00e1 un nuevo rostro este 2025\u201d, afirm\u00f3.<\/p>\n<p>&nbsp;<\/p>\n<p>Por su parte, el secretario de Educaci\u00f3n, Roger Mandujano Ayala, destac\u00f3 que en Chiapas se construye una Nueva ERA basada en el legado del Rey Pakal, en la que se busca no solo paz y justicia, sino tambi\u00e9n una educaci\u00f3n de calidad. Expres\u00f3 que alfabetizar es empoderar, y que en Palenque se est\u00e1 cumpliendo ese objetivo mediante la ense\u00f1anza de la lectura y la escritura y la entrega de estas becas.<\/p>\n<p>&nbsp;<\/p>\n<p>A su vez, el presidente municipal de Palenque, Jorge Cabrera Aguilar, agradeci\u00f3 al gobernador los resultados en materia de seguridad y desarrollo, as\u00ed como el impulso a la infraestructura carretera con el inicio de la construcci\u00f3n de La ruta de las Culturas Mayas, adem\u00e1s del programa Chiapas Puede, que ha representado un gran beneficio para el desarrollo personal de las personas adultas mayores.<\/p>\n<p>&nbsp;<\/p>\n<p>En nombre de las y los beneficiarios, Carmen Lara Llergo expres\u00f3 su gratitud al gobernador por brindarles la oportunidad de aprender, no solo a trav\u00e9s de las becas, sino mediante un acompa\u00f1amiento que les permitir\u00e1 escribir su nombre, leer documentos y vislumbrar un futuro con m\u00e1s oportunidades.<\/p>\n<p>&nbsp;<\/p>\n<p>M\u00e1s tarde, el mandatario estatal, acompa\u00f1ado del fiscal general del Estado, Jorge Luis Llaven Abarca, recorri\u00f3 las instalaciones del Centro de Justicia para las Mujeres (Cejum), donde salud\u00f3 al personal operativo y administrativo. Durante la visita, tambi\u00e9n identific\u00f3 necesidades del centro, el cual ofrece atenci\u00f3n integral para facilitar el acceso a la justicia y prevenir factores de riesgo relacionados con la violencia de g\u00e9nero.<\/p>\n<p>&nbsp;<\/p>\n<p>En estas actividades estuvieron presentes el presidente de la Mesa Directiva del Congreso del Estado, Luis Ignacio Avenda\u00f1o Berm\u00fadez; los secretarios de Seguridad del Pueblo, \u00d3scar Alberto Aparicio Avenda\u00f1o; y del Humanismo, Francisco Chac\u00f3n S\u00e1nchez; las secretarias de la Mujer e Igualdad de G\u00e9nero, Dulce Mar\u00eda Rodr\u00edguez Ovando; y Anticorrupci\u00f3n y Buen Gobierno, Ana Laura Romero Basurto; el director general del Instituto Chiapaneco de Educaci\u00f3n para J\u00f3venes y Adultos, Sergio David Molina G\u00f3mez; el diputado federal del Distrito I, Carlos Morelos Rodr\u00edguez, entre otros.<\/p>\n","protected":false},"excerpt":{"rendered":"<p>&nbsp; &#8211; Recorri\u00f3 las instalaciones del Centro de Justicia para las Mujeres en este municipio&#8230;.<\/p>\n","protected":false},"author":2,"featured_media":32938,"comment_status":"closed","ping_status":"closed","sticky":false,"template":"","format":"standard","meta":{"_joinchat":[],"footnotes":""},"categories":[18,1,2,3],"tags":[],"class_list":["post-32937","post","type-post","status-publish","format-standard","has-post-thumbnail","hentry","category-almomento","category-boletin","category-estado","category-health"],"_links":{"self":[{"href":"https:\/\/icoinformativo.mx\/home\/index.php?rest_route=\/wp\/v2\/posts\/32937","targetHints":{"allow":["GET"]}}],"collection":[{"href":"https:\/\/icoinformativo.mx\/home\/index.php?rest_route=\/wp\/v2\/posts"}],"about":[{"href":"https:\/\/icoinformativo.mx\/home\/index.php?rest_route=\/wp\/v2\/types\/post"}],"author":[{"embeddable":true,"href":"https:\/\/icoinformativo.mx\/home\/index.php?rest_route=\/wp\/v2\/users\/2"}],"replies":[{"embeddable":true,"href":"https:\/\/icoinformativo.mx\/home\/index.php?rest_route=%2Fwp%2Fv2%2Fcomments&post=32937"}],"version-history":[{"count":1,"href":"https:\/\/icoinformativo.mx\/home\/index.php?rest_route=\/wp\/v2\/posts\/32937\/revisions"}],"predecessor-version":[{"id":32939,"href":"https:\/\/icoinformativo.mx\/home\/index.php?rest_route=\/wp\/v2\/posts\/32937\/revisions\/32939"}],"wp:featuredmedia":[{"embeddable":true,"href":"https:\/\/icoinformativo.mx\/home\/index.php?rest_route=\/wp\/v2\/media\/32938"}],"wp:attachment":[{"href":"https:\/\/icoinformativo.mx\/home\/index.php?rest_route=%2Fwp%2Fv2%2Fmedia&parent=32937"}],"wp:term":[{"taxonomy":"category","embeddable":true,"href":"https:\/\/icoinformativo.mx\/home\/index.php?rest_route=%2Fwp%2Fv2%2Fcategories&post=32937"},{"taxonomy":"post_tag","embeddable":true,"href":"https:\/\/icoinformativo.mx\/home\/index.php?rest_route=%2Fwp%2Fv2%2Ftags&post=32937"}],"curies":[{"name":"wp","href":"https:\/\/api.w.org\/{rel}","templated":true}]}}