{"id":32933,"date":"2025-06-10T01:54:29","date_gmt":"2025-06-10T01:54:29","guid":{"rendered":"https:\/\/icoinformativo.mx\/home\/?p=32933"},"modified":"2025-06-10T01:54:29","modified_gmt":"2025-06-10T01:54:29","slug":"desde-yajalon-arranca-conecta-cobach-para-garantizar-inclusion-digital-en-chiapas","status":"publish","type":"post","link":"https:\/\/icoinformativo.mx\/home\/?p=32933","title":{"rendered":"Desde Yajal\u00f3n, arranca Conecta Cobach para garantizar inclusi\u00f3n digital en Chiapas"},"content":{"rendered":"<p>&nbsp;<\/p>\n<p>&#8211; Entreg\u00f3 becas Rosario Castellanos y supervis\u00f3 los C\u00edrculos de Estudios del programa Chiapas Puede en la UAM Yajal\u00f3n de la Unich<\/p>\n<p>&nbsp;<\/p>\n<p>Durante una gira de trabajo por el municipio de Yajal\u00f3n, el gobernador Eduardo Ram\u00edrez Aguilar encabez\u00f3 el arranque del programa Conecta Cobach y realiz\u00f3 la entrega de equipamiento tecnol\u00f3gico a planteles de la zona Selva Norte del Colegio de Bachilleres de Chiapas (Cobach), desde el plantel 22, con el objetivo de garantizar el derecho a la inclusi\u00f3n digital y ampliar las oportunidades educativas de las juventudes chiapanecas.<\/p>\n<p>&nbsp;<\/p>\n<p>\u00abVamos a llevar conectividad a todas las escuelas que carec\u00edan de esta herramienta. Queremos que la comunidad cobachense pueda realizar sus investigaciones y actividades escolares de forma adecuada. Y tambi\u00e9n que puedan disfrutar de las redes sociales de manera responsable y solidaria\u00bb, expres\u00f3 el mandatario, al recordar su etapa como estudiante del Cobach y reconocer a las y los docentes que contribuyeron a su formaci\u00f3n.<\/p>\n<p>&nbsp;<\/p>\n<p>Ram\u00edrez Aguilar subray\u00f3 que su administraci\u00f3n mantendr\u00e1 firme el compromiso de ofrecer a las y los j\u00f3venes espacios educativos dignos y las herramientas necesarias para desarrollar su potencial y alcanzar sus metas profesionales.<\/p>\n<p>&nbsp;<\/p>\n<p>En su intervenci\u00f3n, el director general del Cobach, Miguel Prado de los Santos, explic\u00f3 que el programa Conecta Cobach beneficiar\u00e1 a estudiantes de 220 planteles de todo el estado, 12 de ellos ubicados en esta regi\u00f3n. Adem\u00e1s, inform\u00f3 que se est\u00e1n entregando equipos de c\u00f3mputo y aires acondicionados para mejorar las condiciones de estudio.<\/p>\n<p>Por su parte, el presidente municipal de Yajal\u00f3n, Juan Alberto Utrilla L\u00f3pez, celebr\u00f3 la visi\u00f3n del gobernador al dotar a las y los estudiantes de herramientas digitales que contribuyen al fortalecimiento de su formaci\u00f3n. Resalt\u00f3 que, en esta Nueva ERA, la educaci\u00f3n es un pilar para el desarrollo municipal y social.<\/p>\n<p>En representaci\u00f3n del alumnado, Samara Nanjla Corzo V\u00e1zquez agradeci\u00f3 al gobernador por su compromiso con la educaci\u00f3n y reconoci\u00f3 la entrega de herramientas tecnol\u00f3gicas que facilitan aprendizaje.<\/p>\n<p>&nbsp;<\/p>\n<p>Posteriormente, el gobernador visit\u00f3 la Unidad Acad\u00e9mica Multidisciplinaria (UAM) Yajal\u00f3n de la Universidad Intercultural de Chiapas (Unich), para otorgar becas Rosario Castellanos y supervisar los C\u00edrculos de Estudios del programa Chiapas Puede, donde estudiantes participan como alfabetizadores. En este contexto, destac\u00f3 que su gobierno ha tejido alianzas con el pueblo para combatir el rezago educativo.<\/p>\n<p>&nbsp;<\/p>\n<p>Resalt\u00f3 que una de las principales responsabilidades del gobierno es garantizar salud, seguridad y educaci\u00f3n, y en este \u00faltimo \u00e1mbito, asegur\u00f3, la meta es sembrar la semilla del conocimiento que permita al pueblo construir una vida m\u00e1s plena.<\/p>\n<p>&nbsp;<\/p>\n<p>\u00abAmamos profundamente a Chiapas. Como gobernador, me ir\u00e9 muy satisfecho y feliz de haber combatido la delincuencia. Pero, sobre todo, de haber vencido la ignorancia, de sacar al pueblo adelante con conocimiento y con luz en la vida. Esa es la principal batalla que quiero ganar junto con todas y todos\u00bb, afirm\u00f3.<\/p>\n<p>&nbsp;<\/p>\n<p>El director general del Instituto Chiapaneco de Educaci\u00f3n para J\u00f3venes y Adultos (Icheja), Sergio David Molina G\u00f3mez, destac\u00f3 que con Chiapas Puede se est\u00e1 saldando una deuda hist\u00f3rica con la educaci\u00f3n. Inform\u00f3 que en Yajal\u00f3n, cerca de mil 300 personas est\u00e1n aprendiendo a leer y a escribir, y que en esta jornada se entregaron aproximadamente 600 becas a educandos de este programa.<\/p>\n<p>&nbsp;<\/p>\n<p>El rector de la Unich, Javier L\u00f3pez S\u00e1nchez, sostuvo que Chiapas Puede es una iniciativa profundamente humanista que transforma vidas y visibiliza a sectores hist\u00f3ricamente excluidos. Invit\u00f3 al estudiantado a sumarse al proyecto con empat\u00eda y responsabilidad. \u201cEnse\u00f1ar a leer y escribir al pr\u00f3jimo es uno de los actos m\u00e1s poderosos de amor y transformaci\u00f3n que podemos experimentar\u201d, agreg\u00f3.<\/p>\n<p>En nombre de las y los beneficiados, Pedro N\u00fa\u00f1ez L\u00f3pez, agradeci\u00f3 al gobernador la oportunidad que su administraci\u00f3n est\u00e1 dando a las personas adultas mayores para alfabetizarse y mejorar su calidad de vida.<\/p>\n<p>Estuvieron presentes en esta gira de trabajo el secretario de Educaci\u00f3n, Roger Adri\u00e1n Mandujano Ayala; el diputado federal del Distrito I, Carlos Morelos Rodr\u00edguez; el diputado local por el Distrito IV, Juan Manuel Utrilla Constantino; el director general del Instituto de Capacitaci\u00f3n y Vinculaci\u00f3n Tecnol\u00f3gica del Estado de Chiapas, C\u00e9sar Espinosa Morales; y el director del Plantel 22 del Cobach, Jorge Fernando Constantino L\u00f3pez, entre otros.<\/p>\n","protected":false},"excerpt":{"rendered":"<p>&nbsp; &#8211; Entreg\u00f3 becas Rosario Castellanos y supervis\u00f3 los C\u00edrculos de Estudios del programa Chiapas&#8230;<\/p>\n","protected":false},"author":2,"featured_media":32935,"comment_status":"closed","ping_status":"closed","sticky":false,"template":"","format":"standard","meta":{"_joinchat":[],"footnotes":""},"categories":[18,1,2,3],"tags":[],"class_list":["post-32933","post","type-post","status-publish","format-standard","has-post-thumbnail","hentry","category-almomento","category-boletin","category-estado","category-health"],"_links":{"self":[{"href":"https:\/\/icoinformativo.mx\/home\/index.php?rest_route=\/wp\/v2\/posts\/32933","targetHints":{"allow":["GET"]}}],"collection":[{"href":"https:\/\/icoinformativo.mx\/home\/index.php?rest_route=\/wp\/v2\/posts"}],"about":[{"href":"https:\/\/icoinformativo.mx\/home\/index.php?rest_route=\/wp\/v2\/types\/post"}],"author":[{"embeddable":true,"href":"https:\/\/icoinformativo.mx\/home\/index.php?rest_route=\/wp\/v2\/users\/2"}],"replies":[{"embeddable":true,"href":"https:\/\/icoinformativo.mx\/home\/index.php?rest_route=%2Fwp%2Fv2%2Fcomments&post=32933"}],"version-history":[{"count":1,"href":"https:\/\/icoinformativo.mx\/home\/index.php?rest_route=\/wp\/v2\/posts\/32933\/revisions"}],"predecessor-version":[{"id":32936,"href":"https:\/\/icoinformativo.mx\/home\/index.php?rest_route=\/wp\/v2\/posts\/32933\/revisions\/32936"}],"wp:featuredmedia":[{"embeddable":true,"href":"https:\/\/icoinformativo.mx\/home\/index.php?rest_route=\/wp\/v2\/media\/32935"}],"wp:attachment":[{"href":"https:\/\/icoinformativo.mx\/home\/index.php?rest_route=%2Fwp%2Fv2%2Fmedia&parent=32933"}],"wp:term":[{"taxonomy":"category","embeddable":true,"href":"https:\/\/icoinformativo.mx\/home\/index.php?rest_route=%2Fwp%2Fv2%2Fcategories&post=32933"},{"taxonomy":"post_tag","embeddable":true,"href":"https:\/\/icoinformativo.mx\/home\/index.php?rest_route=%2Fwp%2Fv2%2Ftags&post=32933"}],"curies":[{"name":"wp","href":"https:\/\/api.w.org\/{rel}","templated":true}]}}