{"id":32927,"date":"2025-06-10T01:42:58","date_gmt":"2025-06-10T01:42:58","guid":{"rendered":"https:\/\/icoinformativo.mx\/home\/?p=32927"},"modified":"2025-06-10T01:42:58","modified_gmt":"2025-06-10T01:42:58","slug":"mexico-y-chiapas-restablecen-lazos-de-cooperacion-con-ops-oms-para-fortalecer-la-salud-publica-de-chiapas","status":"publish","type":"post","link":"https:\/\/icoinformativo.mx\/home\/?p=32927","title":{"rendered":"M\u00e9xico y Chiapas restablecen lazos de cooperaci\u00f3n con OPS\/OMS para fortalecer la salud p\u00fablica de Chiapas"},"content":{"rendered":"<p>&nbsp;<\/p>\n<p>\u2022 En materia de capacitaci\u00f3n, asesor\u00eda y visitas territoriales para atender los principales temas: paludismo, dengue, salud materna, vacunaci\u00f3n, c\u00e1ncer cervicouterino, salud mental y adicciones<\/p>\n<p>&nbsp;<\/p>\n<p>Tuxtla Guti\u00e9rrez, Chiapas; 09 de junio de 2025.- Chiapas se apuntala en el fortalecimiento de la salud p\u00fablica al restablecerse el acuerdo de cooperaci\u00f3n t\u00e9cnica entre la Organizaci\u00f3n Panamericana y Mundial de la Salud (OPS\/OMS) y las secretar\u00edas de Salud federal y estatal para reafirmar los v\u00ednculos de cooperaci\u00f3n, asesor\u00eda y visitas de territorio, as\u00ed lo inform\u00f3 el secretario del ramo en el estado, Omar G\u00f3mez Cruz.<\/p>\n<p>&nbsp;<\/p>\n<p>El encargado de la pol\u00edtica sanitaria en la Nueva Era explic\u00f3 que el acuerdo de cooperaci\u00f3n t\u00e9cnica entre la OPS\/OMS, la Secretar\u00eda de Salud federal -a trav\u00e9s del Centro Nacional de Prevenci\u00f3n y Control de Enfermedades y la Direcci\u00f3n General de Pol\u00edticas en Salud P\u00fablica- y la Secretar\u00eda de Salud de Chiapas, consiste en desarrollar un proyecto sobre los determinantes sociales para mejorar las condiciones de salud de la poblaci\u00f3n chiapaneca, sobre todo de los grupos m\u00e1s vulnerables.<\/p>\n<p>&nbsp;<\/p>\n<p>Por su parte, el representante de la OPS\/OMS en M\u00e9xico, Jos\u00e9 Moya Medina, refrend\u00f3 la importancia de sostener el trabajo coordinado con un plan de trabajo 2025-2026 que impacte en la mejora de la salud p\u00fablica en temas prioritarios como paludismo, dengue, salud materna, vacunaci\u00f3n, c\u00e1ncer cervicouterino, salud mental y adicciones.<\/p>\n<p>&nbsp;<\/p>\n<p>En el evento estuvieron presentes la encargada de la Direcci\u00f3n General de Pol\u00edticas en Salud P\u00fablica de la Secretar\u00eda de Salud federal, Adriana Stanford Camargo; la asesora nacional de Enfermedades Transmisibles de la OPS\/OMS, M\u00f3nica Guardo; la consultora para Sistemas de Salud, Olivia L\u00f3pez Arellano; y la asesora para Enfermedades No Transmisibles y Salud Mental, Vivian P\u00e9rez.<\/p>\n","protected":false},"excerpt":{"rendered":"<p>&nbsp; \u2022 En materia de capacitaci\u00f3n, asesor\u00eda y visitas territoriales para atender los principales temas:&#8230;<\/p>\n","protected":false},"author":2,"featured_media":32928,"comment_status":"closed","ping_status":"closed","sticky":false,"template":"","format":"standard","meta":{"_joinchat":[],"footnotes":""},"categories":[18,1,2,3],"tags":[],"class_list":["post-32927","post","type-post","status-publish","format-standard","has-post-thumbnail","hentry","category-almomento","category-boletin","category-estado","category-health"],"_links":{"self":[{"href":"https:\/\/icoinformativo.mx\/home\/index.php?rest_route=\/wp\/v2\/posts\/32927","targetHints":{"allow":["GET"]}}],"collection":[{"href":"https:\/\/icoinformativo.mx\/home\/index.php?rest_route=\/wp\/v2\/posts"}],"about":[{"href":"https:\/\/icoinformativo.mx\/home\/index.php?rest_route=\/wp\/v2\/types\/post"}],"author":[{"embeddable":true,"href":"https:\/\/icoinformativo.mx\/home\/index.php?rest_route=\/wp\/v2\/users\/2"}],"replies":[{"embeddable":true,"href":"https:\/\/icoinformativo.mx\/home\/index.php?rest_route=%2Fwp%2Fv2%2Fcomments&post=32927"}],"version-history":[{"count":1,"href":"https:\/\/icoinformativo.mx\/home\/index.php?rest_route=\/wp\/v2\/posts\/32927\/revisions"}],"predecessor-version":[{"id":32929,"href":"https:\/\/icoinformativo.mx\/home\/index.php?rest_route=\/wp\/v2\/posts\/32927\/revisions\/32929"}],"wp:featuredmedia":[{"embeddable":true,"href":"https:\/\/icoinformativo.mx\/home\/index.php?rest_route=\/wp\/v2\/media\/32928"}],"wp:attachment":[{"href":"https:\/\/icoinformativo.mx\/home\/index.php?rest_route=%2Fwp%2Fv2%2Fmedia&parent=32927"}],"wp:term":[{"taxonomy":"category","embeddable":true,"href":"https:\/\/icoinformativo.mx\/home\/index.php?rest_route=%2Fwp%2Fv2%2Fcategories&post=32927"},{"taxonomy":"post_tag","embeddable":true,"href":"https:\/\/icoinformativo.mx\/home\/index.php?rest_route=%2Fwp%2Fv2%2Ftags&post=32927"}],"curies":[{"name":"wp","href":"https:\/\/api.w.org\/{rel}","templated":true}]}}