{"id":32917,"date":"2025-06-10T01:30:53","date_gmt":"2025-06-10T01:30:53","guid":{"rendered":"https:\/\/icoinformativo.mx\/home\/?p=32917"},"modified":"2025-06-10T01:30:53","modified_gmt":"2025-06-10T01:30:53","slug":"inauguracion-de-la-subsecretaria-regional-pichucalco","status":"publish","type":"post","link":"https:\/\/icoinformativo.mx\/home\/?p=32917","title":{"rendered":"Inauguraci\u00f3n de la Subsecretar\u00eda Regional Pichucalco"},"content":{"rendered":"<p>&nbsp;<\/p>\n<p>En un evento de gran importancia para la regi\u00f3n, el presidente municipal, Andr\u00e9s Carballo C\u00f3rdova, reafirm\u00f3 su compromiso con el desarrollo del municipio al asistir al corte de list\u00f3n inaugural de las nuevas oficinas de la Subsecretar\u00eda Regional Pichucalco. El acto fue encabezado por la secretaria de Gobierno y Mediaci\u00f3n, Patricia del Carmen Conde Ruiz, y cont\u00f3 con la presencia de autoridades estatales y municipales.<\/p>\n<p>Entre los asistentes destacaron la titular de la Secretar\u00eda Anticorrupci\u00f3n del estado, Ana Laura Basurto; el subsecretario de Gobierno, Francisco \u00c1lvarez Sanen; as\u00ed como presidentes municipales y delegados de distintas instituciones gubernamentales.<\/p>\n<p>Tras la inauguraci\u00f3n, el presidente municipal sostuvo una reuni\u00f3n con la secretaria de Gobierno, en la que expres\u00f3 su firme disposici\u00f3n de trabajar en conjunto para generar proyectos y estrategias que impulsen el bienestar y progreso de Pichucalco. Durante la charla, ambos coincidieron en la necesidad de fortalecer la colaboraci\u00f3n entre los distintos niveles de gobierno para atender las demandas de la ciudadan\u00eda y consolidar acciones que reflejen un verdadero impacto positivo en el municipio.<\/p>\n<p>#Pichucalco #AccionesQueContribuyenAlCambio<\/p>\n","protected":false},"excerpt":{"rendered":"<p>&nbsp; En un evento de gran importancia para la regi\u00f3n, el presidente municipal, Andr\u00e9s Carballo&#8230;<\/p>\n","protected":false},"author":2,"featured_media":32918,"comment_status":"closed","ping_status":"closed","sticky":false,"template":"","format":"standard","meta":{"_joinchat":[],"footnotes":""},"categories":[18,1,2,3],"tags":[],"class_list":["post-32917","post","type-post","status-publish","format-standard","has-post-thumbnail","hentry","category-almomento","category-boletin","category-estado","category-health"],"_links":{"self":[{"href":"https:\/\/icoinformativo.mx\/home\/index.php?rest_route=\/wp\/v2\/posts\/32917","targetHints":{"allow":["GET"]}}],"collection":[{"href":"https:\/\/icoinformativo.mx\/home\/index.php?rest_route=\/wp\/v2\/posts"}],"about":[{"href":"https:\/\/icoinformativo.mx\/home\/index.php?rest_route=\/wp\/v2\/types\/post"}],"author":[{"embeddable":true,"href":"https:\/\/icoinformativo.mx\/home\/index.php?rest_route=\/wp\/v2\/users\/2"}],"replies":[{"embeddable":true,"href":"https:\/\/icoinformativo.mx\/home\/index.php?rest_route=%2Fwp%2Fv2%2Fcomments&post=32917"}],"version-history":[{"count":1,"href":"https:\/\/icoinformativo.mx\/home\/index.php?rest_route=\/wp\/v2\/posts\/32917\/revisions"}],"predecessor-version":[{"id":32919,"href":"https:\/\/icoinformativo.mx\/home\/index.php?rest_route=\/wp\/v2\/posts\/32917\/revisions\/32919"}],"wp:featuredmedia":[{"embeddable":true,"href":"https:\/\/icoinformativo.mx\/home\/index.php?rest_route=\/wp\/v2\/media\/32918"}],"wp:attachment":[{"href":"https:\/\/icoinformativo.mx\/home\/index.php?rest_route=%2Fwp%2Fv2%2Fmedia&parent=32917"}],"wp:term":[{"taxonomy":"category","embeddable":true,"href":"https:\/\/icoinformativo.mx\/home\/index.php?rest_route=%2Fwp%2Fv2%2Fcategories&post=32917"},{"taxonomy":"post_tag","embeddable":true,"href":"https:\/\/icoinformativo.mx\/home\/index.php?rest_route=%2Fwp%2Fv2%2Ftags&post=32917"}],"curies":[{"name":"wp","href":"https:\/\/api.w.org\/{rel}","templated":true}]}}