{"id":32913,"date":"2025-06-09T02:41:53","date_gmt":"2025-06-09T02:41:53","guid":{"rendered":"https:\/\/icoinformativo.mx\/home\/?p=32913"},"modified":"2025-06-09T02:41:53","modified_gmt":"2025-06-09T02:41:53","slug":"h-ayuntamiento-de-solosuchiapa-informa","status":"publish","type":"post","link":"https:\/\/icoinformativo.mx\/home\/?p=32913","title":{"rendered":"H. Ayuntamiento de Solosuchiapa informa:"},"content":{"rendered":"<p>&nbsp;<\/p>\n<p>Desde la Secretar\u00eda Ejecutiva del SIPINNA Chiapas y su titular, la Mtra. Floralma G\u00f3mez Santiz, nos comparten esta importante convocatoria para conformar el Consejo Consultivo de Ni\u00f1as, Ni\u00f1os y Adolescentes del Estado de Chiapas.<\/p>\n<p>\ud83d\udc67\ud83c\udffd\ud83e\uddd2\ud83c\udffd Si tienes entre 9 y 15 a\u00f1os, tienes ideas para mejorar tu comunidad y quieres que tu voz sea escuchada\u2026 \u00a1esta es tu oportunidad!<\/p>\n<p>\ud83d\uddd3\ufe0f Cierre de convocatoria: 27 de junio<\/p>\n<p>\ud83d\udcf2 Escanea el c\u00f3digo QR y conoce las bases.<\/p>\n<p>\ud83d\udc49\ud83c\udffc \u00a1No te quedes sin participar! \u00a1Tu voz tambi\u00e9n construye el futuro!<br \/>\n#Queorgullosershuleco<br \/>\n#SomosSipinnaChiapas<br \/>\n#Solosuchiapa<\/p>\n","protected":false},"excerpt":{"rendered":"<p>&nbsp; Desde la Secretar\u00eda Ejecutiva del SIPINNA Chiapas y su titular, la Mtra. Floralma G\u00f3mez&#8230;<\/p>\n","protected":false},"author":2,"featured_media":32914,"comment_status":"closed","ping_status":"closed","sticky":false,"template":"","format":"standard","meta":{"_joinchat":[],"footnotes":""},"categories":[18,1,2,3],"tags":[],"class_list":["post-32913","post","type-post","status-publish","format-standard","has-post-thumbnail","hentry","category-almomento","category-boletin","category-estado","category-health"],"_links":{"self":[{"href":"https:\/\/icoinformativo.mx\/home\/index.php?rest_route=\/wp\/v2\/posts\/32913","targetHints":{"allow":["GET"]}}],"collection":[{"href":"https:\/\/icoinformativo.mx\/home\/index.php?rest_route=\/wp\/v2\/posts"}],"about":[{"href":"https:\/\/icoinformativo.mx\/home\/index.php?rest_route=\/wp\/v2\/types\/post"}],"author":[{"embeddable":true,"href":"https:\/\/icoinformativo.mx\/home\/index.php?rest_route=\/wp\/v2\/users\/2"}],"replies":[{"embeddable":true,"href":"https:\/\/icoinformativo.mx\/home\/index.php?rest_route=%2Fwp%2Fv2%2Fcomments&post=32913"}],"version-history":[{"count":1,"href":"https:\/\/icoinformativo.mx\/home\/index.php?rest_route=\/wp\/v2\/posts\/32913\/revisions"}],"predecessor-version":[{"id":32915,"href":"https:\/\/icoinformativo.mx\/home\/index.php?rest_route=\/wp\/v2\/posts\/32913\/revisions\/32915"}],"wp:featuredmedia":[{"embeddable":true,"href":"https:\/\/icoinformativo.mx\/home\/index.php?rest_route=\/wp\/v2\/media\/32914"}],"wp:attachment":[{"href":"https:\/\/icoinformativo.mx\/home\/index.php?rest_route=%2Fwp%2Fv2%2Fmedia&parent=32913"}],"wp:term":[{"taxonomy":"category","embeddable":true,"href":"https:\/\/icoinformativo.mx\/home\/index.php?rest_route=%2Fwp%2Fv2%2Fcategories&post=32913"},{"taxonomy":"post_tag","embeddable":true,"href":"https:\/\/icoinformativo.mx\/home\/index.php?rest_route=%2Fwp%2Fv2%2Ftags&post=32913"}],"curies":[{"name":"wp","href":"https:\/\/api.w.org\/{rel}","templated":true}]}}