{"id":32905,"date":"2025-06-07T01:36:03","date_gmt":"2025-06-07T01:36:03","guid":{"rendered":"https:\/\/icoinformativo.mx\/home\/?p=32905"},"modified":"2025-06-07T01:36:03","modified_gmt":"2025-06-07T01:36:03","slug":"cecyt-03-villa-comaltitlan-promueve-vocaciones-tecnicas-con-espacios-formativos-de-calidad","status":"publish","type":"post","link":"https:\/\/icoinformativo.mx\/home\/?p=32905","title":{"rendered":"CECyT 03 Villa Comaltitl\u00e1n promueve vocaciones t\u00e9cnicas con espacios formativos de calidad"},"content":{"rendered":"<p>&nbsp;<\/p>\n<p>\u2022 En jornada acad\u00e9mica present\u00f3 sus especialidades t\u00e9cnicas de Construcci\u00f3n, Laboratorista Cl\u00ednico y Asistencia en Direcci\u00f3n y Control de PyMEs<\/p>\n<p>&nbsp;<\/p>\n<p>Villa Comaltitl\u00e1n, Chiapas.\u2013 Con el objetivo de fortalecer el inter\u00e9s por la educaci\u00f3n t\u00e9cnica entre j\u00f3venes de secundaria, el Colegio de Estudios Cient\u00edficos y Tecnol\u00f3gicos del Estado de Chiapas (Cecytech), Plantel 03 Villa Comaltitl\u00e1n, realiz\u00f3 una jornada acad\u00e9mica en la que present\u00f3 su oferta educativa resaltando su compromiso con la formaci\u00f3n de calidad y el desarrollo regional.<\/p>\n<p>&nbsp;<\/p>\n<p>Durante el evento se abrieron las puertas del plantel a estudiantes de secundaria, quienes pudieron conocer de cerca las instalaciones disponibles para el aprendizaje, las especialidades que se imparten y la participaci\u00f3n de Ko\u2019tan, la emblem\u00e1tica mascota del Cecytech, que alegr\u00f3 la jornada y reforz\u00f3 el esp\u00edritu de identidad institucional y vocaci\u00f3n cient\u00edfica.<\/p>\n<p>&nbsp;<\/p>\n<p>El director del plantel, Fernando Bravo P\u00e9rez, destac\u00f3 el compromiso de su equipo docente y estudiantil y subray\u00f3 que el objetivo es formar j\u00f3venes que egresen no solo con un certificado de bachillerato general, sino con herramientas reales para enfrentar el mundo laboral y acad\u00e9mico. \u201cNuestra prioridad es brindar una educaci\u00f3n t\u00e9cnica integral, con visi\u00f3n de futuro y sentido social\u201d, puntualiz\u00f3.<\/p>\n<p>&nbsp;<\/p>\n<p>El Plantel 03 promueve tres especialidades t\u00e9cnicas: Construcci\u00f3n, orientada a las habilidades para dise\u00f1ar y edificar proyectos sustentables; Laboratorista Cl\u00ednico, con formaci\u00f3n cient\u00edfica para el an\u00e1lisis y diagn\u00f3stico m\u00e9dico; y Asistencia en Direcci\u00f3n y Control de PyMEs, que fortalece competencias para el liderazgo y gesti\u00f3n de peque\u00f1as y medianas empresas.<\/p>\n<p>&nbsp;<\/p>\n<p>Durante la jornada tambi\u00e9n se ofreci\u00f3 informaci\u00f3n sobre los beneficios institucionales: la posibilidad de titularse como t\u00e9cnico profesional, obtener un certificado de bachillerato general y certificar sus competencias laborales a trav\u00e9s del sistema nacional CONOCER. Estos pilares refuerzan el perfil de egreso con una s\u00f3lida preparaci\u00f3n acad\u00e9mica y t\u00e9cnica.<\/p>\n<p>&nbsp;<\/p>\n<p>La jornada reafirm\u00f3 el compromiso del Plantel 03 con una educaci\u00f3n t\u00e9cnica pertinente, inclusiva y con visi\u00f3n de futuro, que brinda herramientas concretas para la inserci\u00f3n laboral o la continuidad de estudios superiores.<\/p>\n","protected":false},"excerpt":{"rendered":"<p>&nbsp; \u2022 En jornada acad\u00e9mica present\u00f3 sus especialidades t\u00e9cnicas de Construcci\u00f3n, Laboratorista Cl\u00ednico y Asistencia&#8230;<\/p>\n","protected":false},"author":2,"featured_media":32906,"comment_status":"closed","ping_status":"closed","sticky":false,"template":"","format":"standard","meta":{"_joinchat":[],"footnotes":""},"categories":[18,1,2,3],"tags":[],"class_list":["post-32905","post","type-post","status-publish","format-standard","has-post-thumbnail","hentry","category-almomento","category-boletin","category-estado","category-health"],"_links":{"self":[{"href":"https:\/\/icoinformativo.mx\/home\/index.php?rest_route=\/wp\/v2\/posts\/32905","targetHints":{"allow":["GET"]}}],"collection":[{"href":"https:\/\/icoinformativo.mx\/home\/index.php?rest_route=\/wp\/v2\/posts"}],"about":[{"href":"https:\/\/icoinformativo.mx\/home\/index.php?rest_route=\/wp\/v2\/types\/post"}],"author":[{"embeddable":true,"href":"https:\/\/icoinformativo.mx\/home\/index.php?rest_route=\/wp\/v2\/users\/2"}],"replies":[{"embeddable":true,"href":"https:\/\/icoinformativo.mx\/home\/index.php?rest_route=%2Fwp%2Fv2%2Fcomments&post=32905"}],"version-history":[{"count":1,"href":"https:\/\/icoinformativo.mx\/home\/index.php?rest_route=\/wp\/v2\/posts\/32905\/revisions"}],"predecessor-version":[{"id":32907,"href":"https:\/\/icoinformativo.mx\/home\/index.php?rest_route=\/wp\/v2\/posts\/32905\/revisions\/32907"}],"wp:featuredmedia":[{"embeddable":true,"href":"https:\/\/icoinformativo.mx\/home\/index.php?rest_route=\/wp\/v2\/media\/32906"}],"wp:attachment":[{"href":"https:\/\/icoinformativo.mx\/home\/index.php?rest_route=%2Fwp%2Fv2%2Fmedia&parent=32905"}],"wp:term":[{"taxonomy":"category","embeddable":true,"href":"https:\/\/icoinformativo.mx\/home\/index.php?rest_route=%2Fwp%2Fv2%2Fcategories&post=32905"},{"taxonomy":"post_tag","embeddable":true,"href":"https:\/\/icoinformativo.mx\/home\/index.php?rest_route=%2Fwp%2Fv2%2Ftags&post=32905"}],"curies":[{"name":"wp","href":"https:\/\/api.w.org\/{rel}","templated":true}]}}