{"id":32902,"date":"2025-06-07T01:33:16","date_gmt":"2025-06-07T01:33:16","guid":{"rendered":"https:\/\/icoinformativo.mx\/home\/?p=32902"},"modified":"2025-06-07T01:33:16","modified_gmt":"2025-06-07T01:33:16","slug":"instituto-de-la-consejeria-juridica-inicia-capacitaciones-para-fortalecer-el-quehacer-juridico","status":"publish","type":"post","link":"https:\/\/icoinformativo.mx\/home\/?p=32902","title":{"rendered":"Instituto de la Consejer\u00eda Jur\u00eddica inicia capacitaciones para fortalecer el quehacer jur\u00eddico"},"content":{"rendered":"<p>&nbsp;<\/p>\n<p>\u2022 Titulares de las unidades jur\u00eddicas del Gobierno del Estado reciben capacitaci\u00f3n para fortalecer su formaci\u00f3n en derecho y administraci\u00f3n p\u00fablica<\/p>\n<p>&nbsp;<\/p>\n<p>En el marco de la instalaci\u00f3n de la Comisi\u00f3n de Estudios Jur\u00eddicos del Gobierno del Estado, el consejero jur\u00eddico, Guillermo Nieto Arreola, imparti\u00f3 el Curso-Taller \u201cDerecho y Administraci\u00f3n P\u00fablica\u201d a las personas titulares de las unidades jur\u00eddicas del Gobierno del Estado.<\/p>\n<p>&nbsp;<\/p>\n<p>La charla tuvo como sede la Facultad Libre de Derecho de Chiapas, donde se cont\u00f3 con la participaci\u00f3n de personas servidoras del pueblo de diversas dependencias gubernamentales.<\/p>\n<p>&nbsp;<\/p>\n<p>Nieto Arreola expres\u00f3 que uno de los principales objetivos de esta Comisi\u00f3n es fortalecer las capacidades jur\u00eddicas de sus integrantes, mediante el an\u00e1lisis de t\u00e9cnicas de litigio adecuadas y actualizadas que contribuyan al desarrollo de un ejercicio profesional m\u00e1s eficaz en la administraci\u00f3n p\u00fablica.<\/p>\n<p>&nbsp;<\/p>\n<p>Durante esta capacitaci\u00f3n tambi\u00e9n se llev\u00f3 a cabo la firma de un convenio de colaboraci\u00f3n entre el Instituto de la Consejer\u00eda Jur\u00eddica y la Facultad Libre de Derecho de Chiapas, representada por el rector, Gabriel Enrique Bravo del Carpio, con el prop\u00f3sito de establecer v\u00ednculos acad\u00e9micos y formativos que impulsen la profesionalizaci\u00f3n del servicio p\u00fablico.<\/p>\n<p>&nbsp;<\/p>\n<p>Con esta acci\u00f3n, el Gobierno del Estado reafirma su compromiso con la formaci\u00f3n continua del personal jur\u00eddico, el fortalecimiento institucional y el respeto al marco legal.<\/p>\n","protected":false},"excerpt":{"rendered":"<p>&nbsp; \u2022 Titulares de las unidades jur\u00eddicas del Gobierno del Estado reciben capacitaci\u00f3n para fortalecer&#8230;<\/p>\n","protected":false},"author":2,"featured_media":32903,"comment_status":"closed","ping_status":"closed","sticky":false,"template":"","format":"standard","meta":{"_joinchat":[],"footnotes":""},"categories":[18,1,2,3],"tags":[],"class_list":["post-32902","post","type-post","status-publish","format-standard","has-post-thumbnail","hentry","category-almomento","category-boletin","category-estado","category-health"],"_links":{"self":[{"href":"https:\/\/icoinformativo.mx\/home\/index.php?rest_route=\/wp\/v2\/posts\/32902","targetHints":{"allow":["GET"]}}],"collection":[{"href":"https:\/\/icoinformativo.mx\/home\/index.php?rest_route=\/wp\/v2\/posts"}],"about":[{"href":"https:\/\/icoinformativo.mx\/home\/index.php?rest_route=\/wp\/v2\/types\/post"}],"author":[{"embeddable":true,"href":"https:\/\/icoinformativo.mx\/home\/index.php?rest_route=\/wp\/v2\/users\/2"}],"replies":[{"embeddable":true,"href":"https:\/\/icoinformativo.mx\/home\/index.php?rest_route=%2Fwp%2Fv2%2Fcomments&post=32902"}],"version-history":[{"count":1,"href":"https:\/\/icoinformativo.mx\/home\/index.php?rest_route=\/wp\/v2\/posts\/32902\/revisions"}],"predecessor-version":[{"id":32904,"href":"https:\/\/icoinformativo.mx\/home\/index.php?rest_route=\/wp\/v2\/posts\/32902\/revisions\/32904"}],"wp:featuredmedia":[{"embeddable":true,"href":"https:\/\/icoinformativo.mx\/home\/index.php?rest_route=\/wp\/v2\/media\/32903"}],"wp:attachment":[{"href":"https:\/\/icoinformativo.mx\/home\/index.php?rest_route=%2Fwp%2Fv2%2Fmedia&parent=32902"}],"wp:term":[{"taxonomy":"category","embeddable":true,"href":"https:\/\/icoinformativo.mx\/home\/index.php?rest_route=%2Fwp%2Fv2%2Fcategories&post=32902"},{"taxonomy":"post_tag","embeddable":true,"href":"https:\/\/icoinformativo.mx\/home\/index.php?rest_route=%2Fwp%2Fv2%2Ftags&post=32902"}],"curies":[{"name":"wp","href":"https:\/\/api.w.org\/{rel}","templated":true}]}}