{"id":32899,"date":"2025-06-07T01:27:31","date_gmt":"2025-06-07T01:27:31","guid":{"rendered":"https:\/\/icoinformativo.mx\/home\/?p=32899"},"modified":"2025-06-07T01:27:31","modified_gmt":"2025-06-07T01:27:31","slug":"transparencia-y-combate-a-la-corrupcion-compromiso-entre-fge-y-saybg","status":"publish","type":"post","link":"https:\/\/icoinformativo.mx\/home\/?p=32899","title":{"rendered":"Transparencia y combate a la corrupci\u00f3n, compromiso entre \u00a0FGE y SAyBG"},"content":{"rendered":"<div id=\"m_toolbarLayer\" class=\"layer\"><\/div>\n<div id=\"m_textViewLayer\" class=\"layer\">\n<div id=\"m_content\">\n<div id=\"pc1\">\n<div id=\"p1\">\n<div>La titular de la Secretar\u00eda Anticorrupci\u00f3n y Buen Gobierno (SAyBG), Ana Laura Romero Basurto, sostuvo una productiva reuni\u00f3n de trabajo con el fiscal general del Estado, Jorge Luis Llaven Abarca, con el prop\u00f3sito de fortalecer los mecanismos de vigilancia para asegurar el uso correcto y responsable de los recursos p\u00fablicos.<\/div>\n<div><\/div>\n<div>Durante el encuentro, los titulares de ambas instituciones reafirmaron su compromiso de\u00a0seguir consolidando la coordinaci\u00f3n interinstitucional como v\u00eda para garantizar la\u00a0transparencia, la rendici\u00f3n de cuentas y el combate frontal a la corrupci\u00f3n, en plena\u00a0concordancia con los principios de legalidad y rectitud que impulsa el gobernador del\u00a0Estado, Eduardo Ram\u00edrez Aguilar.<\/div>\n<div><\/div>\n<div>\u201cDesde la Secretar\u00eda Anticorrupci\u00f3n y Buen Gobierno impulsamos una gesti\u00f3n \u00edntegra,\u00a0cercana a la ciudadan\u00eda y orientada a resultados. Creemos firmemente que solo con\u00a0acciones contundentes y una colaboraci\u00f3n efectiva entre instituciones se puede construir\u00a0un gobierno honesto, eficiente y digno de la confianza del pueblo chiapaneco\u201d, puntualiz\u00f3\u00a0Romero Basurto.<\/div>\n<div><\/div>\n<div>Asimismo, dijo que la integridad y la transparencia no son solo metas, sino que son la base\u00a0del Chiapas justo y fuerte que todas y todos estamos llamados a construir.<\/div>\n<\/div>\n<hr class=\"pageHrV2\" \/>\n<\/div>\n<\/div>\n<\/div>\n","protected":false},"excerpt":{"rendered":"<p>La titular de la Secretar\u00eda Anticorrupci\u00f3n y Buen Gobierno (SAyBG), Ana Laura Romero Basurto, sostuvo&#8230;<\/p>\n","protected":false},"author":2,"featured_media":32900,"comment_status":"closed","ping_status":"closed","sticky":false,"template":"","format":"standard","meta":{"_joinchat":[],"footnotes":""},"categories":[18,1,2,3],"tags":[],"class_list":["post-32899","post","type-post","status-publish","format-standard","has-post-thumbnail","hentry","category-almomento","category-boletin","category-estado","category-health"],"_links":{"self":[{"href":"https:\/\/icoinformativo.mx\/home\/index.php?rest_route=\/wp\/v2\/posts\/32899","targetHints":{"allow":["GET"]}}],"collection":[{"href":"https:\/\/icoinformativo.mx\/home\/index.php?rest_route=\/wp\/v2\/posts"}],"about":[{"href":"https:\/\/icoinformativo.mx\/home\/index.php?rest_route=\/wp\/v2\/types\/post"}],"author":[{"embeddable":true,"href":"https:\/\/icoinformativo.mx\/home\/index.php?rest_route=\/wp\/v2\/users\/2"}],"replies":[{"embeddable":true,"href":"https:\/\/icoinformativo.mx\/home\/index.php?rest_route=%2Fwp%2Fv2%2Fcomments&post=32899"}],"version-history":[{"count":1,"href":"https:\/\/icoinformativo.mx\/home\/index.php?rest_route=\/wp\/v2\/posts\/32899\/revisions"}],"predecessor-version":[{"id":32901,"href":"https:\/\/icoinformativo.mx\/home\/index.php?rest_route=\/wp\/v2\/posts\/32899\/revisions\/32901"}],"wp:featuredmedia":[{"embeddable":true,"href":"https:\/\/icoinformativo.mx\/home\/index.php?rest_route=\/wp\/v2\/media\/32900"}],"wp:attachment":[{"href":"https:\/\/icoinformativo.mx\/home\/index.php?rest_route=%2Fwp%2Fv2%2Fmedia&parent=32899"}],"wp:term":[{"taxonomy":"category","embeddable":true,"href":"https:\/\/icoinformativo.mx\/home\/index.php?rest_route=%2Fwp%2Fv2%2Fcategories&post=32899"},{"taxonomy":"post_tag","embeddable":true,"href":"https:\/\/icoinformativo.mx\/home\/index.php?rest_route=%2Fwp%2Fv2%2Ftags&post=32899"}],"curies":[{"name":"wp","href":"https:\/\/api.w.org\/{rel}","templated":true}]}}