{"id":32883,"date":"2025-06-05T03:01:45","date_gmt":"2025-06-05T03:01:45","guid":{"rendered":"https:\/\/icoinformativo.mx\/home\/?p=32883"},"modified":"2025-06-05T03:01:45","modified_gmt":"2025-06-05T03:01:45","slug":"cecyt-47-estacion-huehuetan-promueve-sus-especialidades-tecnicas-en-expo-feria","status":"publish","type":"post","link":"https:\/\/icoinformativo.mx\/home\/?p=32883","title":{"rendered":"CECyT 47 Estaci\u00f3n Huehuet\u00e1n promueve sus especialidades t\u00e9cnicas en Expo-Feria"},"content":{"rendered":"<p>&nbsp;<\/p>\n<p>\u00b7 Se present\u00f3 la oferta t\u00e9cnica en Programaci\u00f3n y Producci\u00f3n Agr\u00edcola, con el respaldo de Ko\u2019tan para fortalecer la orientaci\u00f3n vocacional y el v\u00ednculo con la comunidad<\/p>\n<p>&nbsp;<\/p>\n<p>Huehuet\u00e1n, Chiapas.\u2013 El Colegio de Estudios Cient\u00edficos y Tecnol\u00f3gicos del Estado de Chiapas (Cecytech), Plantel n\u00famero 47, ubicado en el municipio de Huehuet\u00e1n, realiz\u00f3 una Expo-Feria de Carreras T\u00e9cnicas enfocada en las especialidades de Sistemas de Producci\u00f3n Agr\u00edcola y Programaci\u00f3n, con el objetivo de despertar vocaciones t\u00e9cnicas y brindar informaci\u00f3n sobre las oportunidades educativas del nivel medio superior.<\/p>\n<p>Durante esta jornada educativa, estudiantes de escuelas secundarias de la regi\u00f3n participaron activamente en los distintos m\u00f3dulos interactivos, donde apreciaron muestras pr\u00e1cticas, exploraron espacios tecnol\u00f3gicos y culturales y convivieron con Ko\u2019tan, la mascota institucional del Cecytech, quien los acompa\u00f1\u00f3 con entusiasmo mientras descubr\u00edan las posibilidades que ofrece la educaci\u00f3n t\u00e9cnica.<\/p>\n<p>Al respecto, el director del CECyT 47 Estaci\u00f3n Huehuet\u00e1n, Heriberto Rodr\u00edguez Becerra, reconoci\u00f3 el compromiso de la comunidad escolar y reafirm\u00f3 la misi\u00f3n del plantel de ofrecer una educaci\u00f3n t\u00e9cnica de calidad. Se\u00f1al\u00f3 que el objetivo es que las y los estudiantes egresen con competencias reales que les permitan contribuir al desarrollo de sus comunidades.<\/p>\n<p>Durante la jornada acad\u00e9mica se presentaron proyectos estudiantiles y se brind\u00f3 orientaci\u00f3n sobre los beneficios que ofrece el plantel, como la certificaci\u00f3n de competencias laborales a trav\u00e9s del sistema CONOCER, la obtenci\u00f3n del t\u00edtulo como t\u00e9cnico profesional y el certificado de bachillerato general.<\/p>\n<p>El CECyT 47 Estaci\u00f3n Huehuet\u00e1n ofrece las carreras de Sistemas de Producci\u00f3n Agr\u00edcola, con un invernadero funcional para pr\u00e1cticas; y Programaci\u00f3n, con espacios equipados con tecnolog\u00eda m\u00e9dica de vanguardia, lo que permite una formaci\u00f3n integral orientada al trabajo y la continuidad acad\u00e9mica.<\/p>\n<p>Con esta Expo-Feria el Colegio reitera su compromiso de ofrecer alternativas educativas pertinentes y accesibles para las juventudes chiapanecas, fortaleciendo as\u00ed su misi\u00f3n de construir una sociedad m\u00e1s equitativa y con mayores oportunidades.<\/p>\n<p>&nbsp;<\/p>\n","protected":false},"excerpt":{"rendered":"<p>&nbsp; \u00b7 Se present\u00f3 la oferta t\u00e9cnica en Programaci\u00f3n y Producci\u00f3n Agr\u00edcola, con el respaldo&#8230;<\/p>\n","protected":false},"author":2,"featured_media":32884,"comment_status":"closed","ping_status":"closed","sticky":false,"template":"","format":"standard","meta":{"_joinchat":[],"footnotes":""},"categories":[18,1,2,3],"tags":[],"class_list":["post-32883","post","type-post","status-publish","format-standard","has-post-thumbnail","hentry","category-almomento","category-boletin","category-estado","category-health"],"_links":{"self":[{"href":"https:\/\/icoinformativo.mx\/home\/index.php?rest_route=\/wp\/v2\/posts\/32883","targetHints":{"allow":["GET"]}}],"collection":[{"href":"https:\/\/icoinformativo.mx\/home\/index.php?rest_route=\/wp\/v2\/posts"}],"about":[{"href":"https:\/\/icoinformativo.mx\/home\/index.php?rest_route=\/wp\/v2\/types\/post"}],"author":[{"embeddable":true,"href":"https:\/\/icoinformativo.mx\/home\/index.php?rest_route=\/wp\/v2\/users\/2"}],"replies":[{"embeddable":true,"href":"https:\/\/icoinformativo.mx\/home\/index.php?rest_route=%2Fwp%2Fv2%2Fcomments&post=32883"}],"version-history":[{"count":1,"href":"https:\/\/icoinformativo.mx\/home\/index.php?rest_route=\/wp\/v2\/posts\/32883\/revisions"}],"predecessor-version":[{"id":32885,"href":"https:\/\/icoinformativo.mx\/home\/index.php?rest_route=\/wp\/v2\/posts\/32883\/revisions\/32885"}],"wp:featuredmedia":[{"embeddable":true,"href":"https:\/\/icoinformativo.mx\/home\/index.php?rest_route=\/wp\/v2\/media\/32884"}],"wp:attachment":[{"href":"https:\/\/icoinformativo.mx\/home\/index.php?rest_route=%2Fwp%2Fv2%2Fmedia&parent=32883"}],"wp:term":[{"taxonomy":"category","embeddable":true,"href":"https:\/\/icoinformativo.mx\/home\/index.php?rest_route=%2Fwp%2Fv2%2Fcategories&post=32883"},{"taxonomy":"post_tag","embeddable":true,"href":"https:\/\/icoinformativo.mx\/home\/index.php?rest_route=%2Fwp%2Fv2%2Ftags&post=32883"}],"curies":[{"name":"wp","href":"https:\/\/api.w.org\/{rel}","templated":true}]}}