{"id":32880,"date":"2025-06-05T03:00:03","date_gmt":"2025-06-05T03:00:03","guid":{"rendered":"https:\/\/icoinformativo.mx\/home\/?p=32880"},"modified":"2025-06-05T03:00:03","modified_gmt":"2025-06-05T03:00:03","slug":"chiapas-avanza-hacia-el-liderazgo-nacional-en-conservacion-ambiental","status":"publish","type":"post","link":"https:\/\/icoinformativo.mx\/home\/?p=32880","title":{"rendered":"Chiapas avanza hacia el liderazgo nacional en conservaci\u00f3n\u00a0ambiental"},"content":{"rendered":"<div id=\"m_textViewLayer\" class=\"layer\">\n<div id=\"m_content\">\n<div id=\"pc1\">\n<div id=\"p1\">\n<div>\u00b7 En el marco del D\u00eda Mundial del Medio Ambiente, autoridades supervisan el avance del proyecto de restauraci\u00f3n de microcuencas en comunidades de Cintalapa<\/div>\n<div>\u00b7 Los ejidos Coraz\u00f3n del Valle, Ni\u00f1os H\u00e9roes y Rosendo Salazar son ejemplo de organizaci\u00f3n ambiental y desarrollo sostenible<\/div>\n<div><\/div>\n<div><\/div>\n<div>Como parte de las estrategias para posicionar a Chiapas como referente nacional en cuidado\u00a0del medio ambiente, autoridades federales, estatales y municipales realizaron un recorrido\u00a0de supervisi\u00f3n en los ejidos Coraz\u00f3n del Valle, Ni\u00f1os H\u00e9roes y Rosendo Salazar, en el\u00a0municipio de Cintalapa, con el objetivo de supervisar los avances en la restauraci\u00f3n de\u00a0microcuencas, un proyecto clave para convertir a Chiapas en l\u00edder nacional en sostenibilidad.<\/div>\n<div><\/div>\n<div>Cabe mencionar que, estos ejidos son un referente de organizaci\u00f3n comunitaria con\u00a0enfoque ambiental, demostrando que la conservaci\u00f3n va de la mano con el desarrollo rural\u00a0integral.<\/div>\n<div><\/div>\n<div>La titular de la Secretar\u00eda de Medio Ambiente e Historia Natural (Semahn), Malena Torres\u00a0Abarca, dijo que este territorio no solo conserva, sino que transforma. Mencion\u00f3 que el\u00a0trabajo de las comunidades de Coraz\u00f3n del Valle demuestra que las microcuencas no son\u00a0solo una estrategia t\u00e9cnica, sino un modelo de justicia ambiental, gobernanza comunitaria\u00a0y desarrollo rural integral.<\/div>\n<div><\/div>\n<div>En cumplimiento a las instrucciones del gobernador del Estado, Eduardo Ram\u00edrez Aguilar,\u00a0junto con el subsecretario de Medio Ambiente y Cambio Clim\u00e1tico, Jorge Constantino\u00a0Kanter, presidentes municipales de la regi\u00f3n, autoridades ambientales estatales y federales,\u00a0recorrieron \u00e1reas restauradas y brechas cortafuego, conocieron estufas ecol\u00f3gicas que\u00a0mejoran la vida de las familias en el ejido Coraz\u00f3n del Valle, y visitaron la antigua cortina de\u00a0la represa La Providencia en el ejido Ni\u00f1os H\u00e9roes.<\/div>\n<div><\/div>\n<div>El objetivo es consolidar al proyecto de Restauraci\u00f3n y Saneamiento de Microcuencas como\u00a0un modelo integral de restauraci\u00f3n ecol\u00f3gica y gesti\u00f3n h\u00eddrica sostenible, por lo que la\u00a0titular de Semahn destac\u00f3 los avances y logros de los trabajos de restauraci\u00f3n de\u00a0microcuencas.<\/div>\n<div><\/div>\n<div>\u201cHay 14 comunidades organizadas con mecanismos s\u00f3lidos de participaci\u00f3n social y toma de decisiones. M\u00e1s de 10 a\u00f1os de trabajo continuo con apoyo de instituciones como la Conanp y organizaciones civiles. Sistemas productivos sostenibles: apicultura, cafeticultura bajo sombra, ganader\u00eda silvopastoril y huertos de traspatio. Tambi\u00e9n se han desarrollado planes de manejo comunitario de recursos naturales, incluyendo cuencas, suelos y agua.<\/div>\n<\/div>\n<\/div>\n<div id=\"pc2\">\n<div id=\"p2\">\n<div>Adem\u00e1s de la participaci\u00f3n activa en procesos de certificaci\u00f3n y conservaci\u00f3n voluntaria de\u00a0predios\u201d, puntualiz\u00f3.<\/div>\n<div><\/div>\n<div>Durante el evento se destacaron las acciones que fortalecen la restauraci\u00f3n de\u00a0microcuencas, entre ellas: Conservaci\u00f3n y restauraci\u00f3n de suelos y cuerpos de agua\u00a0mediante acciones comunitarias de reforestaci\u00f3n y control de erosi\u00f3n. Formaci\u00f3n de\u00a0brigadas comunitarias de manejo del fuego, con protocolos propios y coordinaci\u00f3n\u00a0interinstitucional.<\/div>\n<div><\/div>\n<div>As\u00ed tambi\u00e9n, la implementaci\u00f3n de sistemas de captaci\u00f3n y manejo de agua de lluvia.\u00a0Fortalecimiento de producciones sostenibles (miel, caf\u00e9, huertos) con perspectiva de\u00a0autosuficiencia alimentaria y econom\u00eda circular. Participaci\u00f3n comunitaria en la\u00a0construcci\u00f3n de infraestructura verde y resiliente, como estufas ahorradoras y biojardineras.<\/div>\n<div><\/div>\n<div>El Proyecto de Restauraci\u00f3n y Saneamiento de Microcuencas de la Nueva ERA de Chiapas se\u00a0extender\u00e1 a 71 microcuencas ubicadas en comunidades de 33 municipios de Chiapas.<\/div>\n<\/div>\n<hr class=\"pageHrV2\" \/>\n<\/div>\n<\/div>\n<\/div>\n","protected":false},"excerpt":{"rendered":"<p>\u00b7 En el marco del D\u00eda Mundial del Medio Ambiente, autoridades supervisan el avance del&#8230;<\/p>\n","protected":false},"author":2,"featured_media":32881,"comment_status":"closed","ping_status":"closed","sticky":false,"template":"","format":"standard","meta":{"_joinchat":[],"footnotes":""},"categories":[18,1,2,3],"tags":[],"class_list":["post-32880","post","type-post","status-publish","format-standard","has-post-thumbnail","hentry","category-almomento","category-boletin","category-estado","category-health"],"_links":{"self":[{"href":"https:\/\/icoinformativo.mx\/home\/index.php?rest_route=\/wp\/v2\/posts\/32880","targetHints":{"allow":["GET"]}}],"collection":[{"href":"https:\/\/icoinformativo.mx\/home\/index.php?rest_route=\/wp\/v2\/posts"}],"about":[{"href":"https:\/\/icoinformativo.mx\/home\/index.php?rest_route=\/wp\/v2\/types\/post"}],"author":[{"embeddable":true,"href":"https:\/\/icoinformativo.mx\/home\/index.php?rest_route=\/wp\/v2\/users\/2"}],"replies":[{"embeddable":true,"href":"https:\/\/icoinformativo.mx\/home\/index.php?rest_route=%2Fwp%2Fv2%2Fcomments&post=32880"}],"version-history":[{"count":1,"href":"https:\/\/icoinformativo.mx\/home\/index.php?rest_route=\/wp\/v2\/posts\/32880\/revisions"}],"predecessor-version":[{"id":32882,"href":"https:\/\/icoinformativo.mx\/home\/index.php?rest_route=\/wp\/v2\/posts\/32880\/revisions\/32882"}],"wp:featuredmedia":[{"embeddable":true,"href":"https:\/\/icoinformativo.mx\/home\/index.php?rest_route=\/wp\/v2\/media\/32881"}],"wp:attachment":[{"href":"https:\/\/icoinformativo.mx\/home\/index.php?rest_route=%2Fwp%2Fv2%2Fmedia&parent=32880"}],"wp:term":[{"taxonomy":"category","embeddable":true,"href":"https:\/\/icoinformativo.mx\/home\/index.php?rest_route=%2Fwp%2Fv2%2Fcategories&post=32880"},{"taxonomy":"post_tag","embeddable":true,"href":"https:\/\/icoinformativo.mx\/home\/index.php?rest_route=%2Fwp%2Fv2%2Ftags&post=32880"}],"curies":[{"name":"wp","href":"https:\/\/api.w.org\/{rel}","templated":true}]}}