{"id":32871,"date":"2025-06-05T02:43:28","date_gmt":"2025-06-05T02:43:28","guid":{"rendered":"https:\/\/icoinformativo.mx\/home\/?p=32871"},"modified":"2025-06-05T02:43:28","modified_gmt":"2025-06-05T02:43:28","slug":"gobiernos-estatal-y-federal-analizan-factibilidad-de-reactivar-la-planta-de-minsa-en-arriaga","status":"publish","type":"post","link":"https:\/\/icoinformativo.mx\/home\/?p=32871","title":{"rendered":"Gobiernos Estatal y Federal analizan factibilidad de reactivar la\u00a0planta de Minsa en Arriaga"},"content":{"rendered":"<div id=\"m_toolbarLayer\" class=\"layer\"><\/div>\n<div id=\"m_textViewLayer\" class=\"layer\">\n<div id=\"m_content\">\n<div id=\"pc1\">\n<div id=\"p1\">\n<div><\/div>\n<div>Arriaga, Chiapas.- Los gobiernos Estatal y Federal analizan la reactivaci\u00f3n de la planta de\u00a0Minsa en Arriaga, proyecto que podr\u00eda convertirse en un eje estrat\u00e9gico para el desarrollo\u00a0agroindustrial de la regi\u00f3n.<\/div>\n<div><\/div>\n<div>Durante una gira de trabajo, el secretario de Agricultura, Ganader\u00eda y Pesca de Chiapas\u00a0(SAGyP), Marco Antonio Barba Arrocha, y la directora general de Alimentaci\u00f3n para el\u00a0Bienestar del Gobierno Federal, Mar\u00eda Luisa Albores Gonz\u00e1lez, sostuvieron una reuni\u00f3n con\u00a0directivos del Grupo Minsa, encabezados por el presidente del Consejo de Administraci\u00f3n,\u00a0Jos\u00e9 Cacho Ribeiro.<\/div>\n<div><\/div>\n<div>En representaci\u00f3n del gobernador Eduardo Ram\u00edrez Aguilar, el titular de la SAGyP reafirm\u00f3\u00a0el compromiso del Gobierno del Estado con el fortalecimiento del campo y la transformaci\u00f3n\u00a0agroindustrial. \u201cEsta planta representa un punto estrat\u00e9gico para la producci\u00f3n de ma\u00edz y el\u00a0impulso econ\u00f3mico de la regi\u00f3n\u201d, expres\u00f3.<\/div>\n<div><\/div>\n<div>Durante el recorrido, Barba Arrocha destac\u00f3 que la planta cuenta con infraestructura s\u00f3lida\u00a0y condiciones log\u00edsticas excepcionales, como su conexi\u00f3n ferroviaria entre Puerto Chiapas y\u00a0Salina Cruz, lo que permitir\u00eda movilizar productos agroindustriales hacia mercados\u00a0nacionales e internacionales.<\/div>\n<div><\/div>\n<div>Agreg\u00f3 que el uso de gas natural ser\u00e1 determinante para reducir costos operativos,\u00a0incrementar la eficiencia de producci\u00f3n y cumplir con est\u00e1ndares ambientales,\u00a0fortaleciendo as\u00ed la competitividad del sector. \u00abEstamos sumados para trabajar en\u00a0coordinaci\u00f3n con el Gobierno Federal para reactivar esta planta\u00bb, concluy\u00f3.<\/div>\n<div><\/div>\n<div>Barba Arrocha estuvo acompa\u00f1ado por su equipo t\u00e9cnico, entre ellos C\u00e9sar Rodr\u00edguez\u00a0M\u00e1rquez, coordinador de Financiamiento y Comercializaci\u00f3n Agropecuaria y Agroindustrial.<\/div>\n<\/div>\n<hr class=\"pageHrV2\" \/>\n<\/div>\n<\/div>\n<\/div>\n","protected":false},"excerpt":{"rendered":"<p>Arriaga, Chiapas.- Los gobiernos Estatal y Federal analizan la reactivaci\u00f3n de la planta de\u00a0Minsa en&#8230;<\/p>\n","protected":false},"author":2,"featured_media":32872,"comment_status":"closed","ping_status":"closed","sticky":false,"template":"","format":"standard","meta":{"_joinchat":[],"footnotes":""},"categories":[18,1,2,3],"tags":[],"class_list":["post-32871","post","type-post","status-publish","format-standard","has-post-thumbnail","hentry","category-almomento","category-boletin","category-estado","category-health"],"_links":{"self":[{"href":"https:\/\/icoinformativo.mx\/home\/index.php?rest_route=\/wp\/v2\/posts\/32871","targetHints":{"allow":["GET"]}}],"collection":[{"href":"https:\/\/icoinformativo.mx\/home\/index.php?rest_route=\/wp\/v2\/posts"}],"about":[{"href":"https:\/\/icoinformativo.mx\/home\/index.php?rest_route=\/wp\/v2\/types\/post"}],"author":[{"embeddable":true,"href":"https:\/\/icoinformativo.mx\/home\/index.php?rest_route=\/wp\/v2\/users\/2"}],"replies":[{"embeddable":true,"href":"https:\/\/icoinformativo.mx\/home\/index.php?rest_route=%2Fwp%2Fv2%2Fcomments&post=32871"}],"version-history":[{"count":1,"href":"https:\/\/icoinformativo.mx\/home\/index.php?rest_route=\/wp\/v2\/posts\/32871\/revisions"}],"predecessor-version":[{"id":32873,"href":"https:\/\/icoinformativo.mx\/home\/index.php?rest_route=\/wp\/v2\/posts\/32871\/revisions\/32873"}],"wp:featuredmedia":[{"embeddable":true,"href":"https:\/\/icoinformativo.mx\/home\/index.php?rest_route=\/wp\/v2\/media\/32872"}],"wp:attachment":[{"href":"https:\/\/icoinformativo.mx\/home\/index.php?rest_route=%2Fwp%2Fv2%2Fmedia&parent=32871"}],"wp:term":[{"taxonomy":"category","embeddable":true,"href":"https:\/\/icoinformativo.mx\/home\/index.php?rest_route=%2Fwp%2Fv2%2Fcategories&post=32871"},{"taxonomy":"post_tag","embeddable":true,"href":"https:\/\/icoinformativo.mx\/home\/index.php?rest_route=%2Fwp%2Fv2%2Ftags&post=32871"}],"curies":[{"name":"wp","href":"https:\/\/api.w.org\/{rel}","templated":true}]}}