{"id":32859,"date":"2025-06-03T03:47:55","date_gmt":"2025-06-03T03:47:55","guid":{"rendered":"https:\/\/icoinformativo.mx\/home\/?p=32859"},"modified":"2025-06-03T03:47:55","modified_gmt":"2025-06-03T03:47:55","slug":"sostiene-autoridades-de-solosuchiapa-reunion-con-titular-de-pc-en-chiapas-mauricio-cordero","status":"publish","type":"post","link":"https:\/\/icoinformativo.mx\/home\/?p=32859","title":{"rendered":"Sostiene autoridades de Solosuchiapa reuni\u00f3n con titular de PC en Chiapas Mauricio Cordero"},"content":{"rendered":"<p>&nbsp;<\/p>\n<p>El H. Ayuntamiento de Solosuchiapa reconoce la importancia de la coordinaci\u00f3n interinstitucional en materia de prevenci\u00f3n y atenci\u00f3n de riesgos.<\/p>\n<p>El presidente municipal sostuvo un di\u00e1logo productivo con el Secretario de Protecci\u00f3n Civil del Estado de Chiapas, Lic. Mauricio Cordero Rodr\u00edguez, con el objetivo de fortalecer las acciones conjuntas en beneficio de la poblaci\u00f3n.<\/p>\n<p>Seguiremos trabajando de manera coordinada con los tres \u00f3rdenes de gobierno para construir comunidades m\u00e1s seguras y resilientes.<\/p>\n<p>#Solosuchiapa<br \/>\n#Protecci\u00f3nCivilChiapas<br \/>\n#SistemaEstatalDeProtecci\u00f3nCivil<br \/>\n#LaPrevenci\u00f3nEsLaClave<br \/>\nFernando Aparicio G\u00f3mez<\/p>\n","protected":false},"excerpt":{"rendered":"<p>&nbsp; El H. Ayuntamiento de Solosuchiapa reconoce la importancia de la coordinaci\u00f3n interinstitucional en materia&#8230;<\/p>\n","protected":false},"author":2,"featured_media":32860,"comment_status":"closed","ping_status":"closed","sticky":false,"template":"","format":"standard","meta":{"_joinchat":[],"footnotes":""},"categories":[18,1,2,3],"tags":[],"class_list":["post-32859","post","type-post","status-publish","format-standard","has-post-thumbnail","hentry","category-almomento","category-boletin","category-estado","category-health"],"_links":{"self":[{"href":"https:\/\/icoinformativo.mx\/home\/index.php?rest_route=\/wp\/v2\/posts\/32859","targetHints":{"allow":["GET"]}}],"collection":[{"href":"https:\/\/icoinformativo.mx\/home\/index.php?rest_route=\/wp\/v2\/posts"}],"about":[{"href":"https:\/\/icoinformativo.mx\/home\/index.php?rest_route=\/wp\/v2\/types\/post"}],"author":[{"embeddable":true,"href":"https:\/\/icoinformativo.mx\/home\/index.php?rest_route=\/wp\/v2\/users\/2"}],"replies":[{"embeddable":true,"href":"https:\/\/icoinformativo.mx\/home\/index.php?rest_route=%2Fwp%2Fv2%2Fcomments&post=32859"}],"version-history":[{"count":1,"href":"https:\/\/icoinformativo.mx\/home\/index.php?rest_route=\/wp\/v2\/posts\/32859\/revisions"}],"predecessor-version":[{"id":32861,"href":"https:\/\/icoinformativo.mx\/home\/index.php?rest_route=\/wp\/v2\/posts\/32859\/revisions\/32861"}],"wp:featuredmedia":[{"embeddable":true,"href":"https:\/\/icoinformativo.mx\/home\/index.php?rest_route=\/wp\/v2\/media\/32860"}],"wp:attachment":[{"href":"https:\/\/icoinformativo.mx\/home\/index.php?rest_route=%2Fwp%2Fv2%2Fmedia&parent=32859"}],"wp:term":[{"taxonomy":"category","embeddable":true,"href":"https:\/\/icoinformativo.mx\/home\/index.php?rest_route=%2Fwp%2Fv2%2Fcategories&post=32859"},{"taxonomy":"post_tag","embeddable":true,"href":"https:\/\/icoinformativo.mx\/home\/index.php?rest_route=%2Fwp%2Fv2%2Ftags&post=32859"}],"curies":[{"name":"wp","href":"https:\/\/api.w.org\/{rel}","templated":true}]}}