{"id":32856,"date":"2025-06-03T03:23:36","date_gmt":"2025-06-03T03:23:36","guid":{"rendered":"https:\/\/icoinformativo.mx\/home\/?p=32856"},"modified":"2025-06-03T03:23:36","modified_gmt":"2025-06-03T03:23:36","slug":"frente-comun-contra-el-gusano-barrenador-establecen-ganaderos-y-gobierno-de-chiapas","status":"publish","type":"post","link":"https:\/\/icoinformativo.mx\/home\/?p=32856","title":{"rendered":"Frente com\u00fan contra el gusano barrenador, establecen ganaderos y Gobierno de Chiapas"},"content":{"rendered":"<p>&nbsp;<\/p>\n<p>Tuxtla Guti\u00e9rrez, Chiapas.\u2013 La Secretar\u00eda de Agricultura, Ganader\u00eda y Pesca (SAGyP) y la Asociaci\u00f3n de Criadores de Razas Puras de Chiapas establecieron un \u00abfrente com\u00fan\u00bb contra el gusano barrenador que viene afectando al ganado.<\/p>\n<p>&nbsp;<\/p>\n<p>El titular de la SAGyP, Marco Antonio Barba Arrocha, sostuvo un di\u00e1logo directo y constructivo con el presidente de Criadores de Razas Puras, Alfredo D\u2019Argence, para evaluar el panorama actual del sector ganadero, ante la reaparici\u00f3n del gusano barrenador del ganado.<\/p>\n<p>&nbsp;<\/p>\n<p>Durante la conversaci\u00f3n, el titular de la SAGyP expres\u00f3 que la indicaci\u00f3n del gobernador Eduardo Ram\u00edrez Aguilar es actuar con prontitud y firmeza ante una amenaza que pone en riesgo el patrimonio pecuario del estado. \u201cEstamos fortaleciendo la coordinaci\u00f3n con los productores y asociaciones, porque este no es un reto menor y nos exige trabajar con precisi\u00f3n y unidad\u201d, afirm\u00f3 Barba Arrocha.<\/p>\n<p>&nbsp;<\/p>\n<p>Por su parte, D\u2019Argence explic\u00f3 que se trata de una situaci\u00f3n inesperada, aunque no in\u00e9dita. \u201cYa hab\u00edamos enfrentado este problema hace muchos a\u00f1os, pero ahora regresa por la entrada de animales infectados desde otras regiones\u201d, se\u00f1al\u00f3. Recalc\u00f3 que las acciones que se han emprendido han sido oportunas y conjuntas gracias al esfuerzo de instituciones, organizaciones y gobiernos locales.<\/p>\n<p>&nbsp;<\/p>\n<p>El dirigente ganadero subray\u00f3 la necesidad de que cada productor, en su rancho, est\u00e9 atento a cualquier herida en el ganado. \u201cSin herida, no hay infestaci\u00f3n. El gusano no se transmite por el aire ni por el agua. Solo act\u00faa si encuentra una lesi\u00f3n abierta donde incubar\u201d, puntualiz\u00f3.<\/p>\n<p>&nbsp;<\/p>\n<p>Adem\u00e1s, hizo un llamado a dejar atr\u00e1s los temores y reportar de inmediato los casos. \u201cNo hay fundamento para pensar que un reporte genera cuarentena o sacrificio. Esta no es una enfermedad como la tuberculosis o la brucelosis. Es una plaga que puede combatirse eficazmente si se atiende de manera inmediata\u201d, aclar\u00f3.<\/p>\n<p>&nbsp;<\/p>\n<p>D\u2019Argence tambi\u00e9n destac\u00f3 que hoy en d\u00eda existen m\u00faltiples opciones de tratamiento, desde m\u00e9todos tradicionales como el uso de creolina hasta f\u00f3rmulas m\u00e1s modernas. \u201cLo importante es actuar a tiempo. Hay un protocolo claro y el conocimiento t\u00e9cnico est\u00e1 al alcance. Si se act\u00faa bien, el problema no se agrava\u201d, sostuvo.<\/p>\n<p>&nbsp;<\/p>\n<p>El encuentro sirvi\u00f3 para reforzar el compromiso de trabajar en campa\u00f1as informativas, capacitaci\u00f3n en ranchos y una estrategia de comunicaci\u00f3n que ayude a crear una cultura de prevenci\u00f3n. \u201cVamos a recorrer juntos este camino. No es el primero ni ser\u00e1 el \u00faltimo reto que enfrentamos, pero sabemos c\u00f3mo responder\u00bb, indic\u00f3 a su vez Barba Arrocha.<\/p>\n<p>&nbsp;<\/p>\n<p>Con esta reuni\u00f3n, el Gobierno del Estado y los criadores de razas puras ratificaron su voluntad de cerrar filas en defensa de la ganader\u00eda chiapaneca.<\/p>\n<p>&nbsp;<\/p>\n<p>En la reuni\u00f3n, el titular de la SAGyP estuvo acompa\u00f1ado del subsecretario de Ganader\u00eda, H\u00e9ctor Albores Cruz y otras personalidades de la ganader\u00eda.<\/p>\n","protected":false},"excerpt":{"rendered":"<p>&nbsp; Tuxtla Guti\u00e9rrez, Chiapas.\u2013 La Secretar\u00eda de Agricultura, Ganader\u00eda y Pesca (SAGyP) y la Asociaci\u00f3n&#8230;<\/p>\n","protected":false},"author":2,"featured_media":32857,"comment_status":"closed","ping_status":"closed","sticky":false,"template":"","format":"standard","meta":{"_joinchat":[],"footnotes":""},"categories":[18,1,2,3],"tags":[],"class_list":["post-32856","post","type-post","status-publish","format-standard","has-post-thumbnail","hentry","category-almomento","category-boletin","category-estado","category-health"],"_links":{"self":[{"href":"https:\/\/icoinformativo.mx\/home\/index.php?rest_route=\/wp\/v2\/posts\/32856","targetHints":{"allow":["GET"]}}],"collection":[{"href":"https:\/\/icoinformativo.mx\/home\/index.php?rest_route=\/wp\/v2\/posts"}],"about":[{"href":"https:\/\/icoinformativo.mx\/home\/index.php?rest_route=\/wp\/v2\/types\/post"}],"author":[{"embeddable":true,"href":"https:\/\/icoinformativo.mx\/home\/index.php?rest_route=\/wp\/v2\/users\/2"}],"replies":[{"embeddable":true,"href":"https:\/\/icoinformativo.mx\/home\/index.php?rest_route=%2Fwp%2Fv2%2Fcomments&post=32856"}],"version-history":[{"count":1,"href":"https:\/\/icoinformativo.mx\/home\/index.php?rest_route=\/wp\/v2\/posts\/32856\/revisions"}],"predecessor-version":[{"id":32858,"href":"https:\/\/icoinformativo.mx\/home\/index.php?rest_route=\/wp\/v2\/posts\/32856\/revisions\/32858"}],"wp:featuredmedia":[{"embeddable":true,"href":"https:\/\/icoinformativo.mx\/home\/index.php?rest_route=\/wp\/v2\/media\/32857"}],"wp:attachment":[{"href":"https:\/\/icoinformativo.mx\/home\/index.php?rest_route=%2Fwp%2Fv2%2Fmedia&parent=32856"}],"wp:term":[{"taxonomy":"category","embeddable":true,"href":"https:\/\/icoinformativo.mx\/home\/index.php?rest_route=%2Fwp%2Fv2%2Fcategories&post=32856"},{"taxonomy":"post_tag","embeddable":true,"href":"https:\/\/icoinformativo.mx\/home\/index.php?rest_route=%2Fwp%2Fv2%2Ftags&post=32856"}],"curies":[{"name":"wp","href":"https:\/\/api.w.org\/{rel}","templated":true}]}}