{"id":32850,"date":"2025-06-03T03:16:23","date_gmt":"2025-06-03T03:16:23","guid":{"rendered":"https:\/\/icoinformativo.mx\/home\/?p=32850"},"modified":"2025-06-03T03:16:23","modified_gmt":"2025-06-03T03:16:23","slug":"icatech-abre-convocatoria-para-formar-parte-de-sus-instructores-externos","status":"publish","type":"post","link":"https:\/\/icoinformativo.mx\/home\/?p=32850","title":{"rendered":"Icatech abre convocatoria para formar parte de sus instructores externos"},"content":{"rendered":"<p>El Instituto de Capacitaci\u00f3n y Vinculaci\u00f3n Tecnol\u00f3gica del Estado de Chiapas (Icatech), anunci\u00f3 la apertura de su convocatoria p\u00fablica estatal de instructores externos, dirigida a profesionales interesados en formar parte de un equipo comprometido con el fortalecimiento de habilidades para el trabajo. Esta iniciativa busca sumar talentos que aporten a la formaci\u00f3n de m\u00e1s chiapanecas y chiapanecos, con el objetivo de impulsar el desarrollo econ\u00f3mico y social de la entidad.<\/p>\n<p>El director general del Icatech, C\u00e9sar Espinosa Morales, se\u00f1al\u00f3 que esta convocatoria representa una oportunidad clave para transformar la realidad de las y los ciudadanos, a trav\u00e9s de la capacitaci\u00f3n de calidad y el acompa\u00f1amiento t\u00e9cnico que responda a las necesidades actuales del mercado laboral. \u201cEs momento de compartir experiencia, transformar vidas y construir juntos una Nueva Era de capacitaci\u00f3n en Chiapas\u201d, expres\u00f3.<\/p>\n<p>La convocatoria estar\u00e1 disponible a partir del martes 3 de junio a las 8:00 a.m., e incluye un enlace para el pre-registro en el sitio oficial del instituto. Las y los interesados pueden consultar los requisitos y detalles en: https:\/\/icatech.gob.mx\/instructores\/pre-registro. \u00a1\u00danete y s\u00e9 parte de esta transformaci\u00f3n!<\/p>\n","protected":false},"excerpt":{"rendered":"<p>El Instituto de Capacitaci\u00f3n y Vinculaci\u00f3n Tecnol\u00f3gica del Estado de Chiapas (Icatech), anunci\u00f3 la apertura&#8230;<\/p>\n","protected":false},"author":2,"featured_media":32851,"comment_status":"closed","ping_status":"closed","sticky":false,"template":"","format":"standard","meta":{"_joinchat":[],"footnotes":""},"categories":[18,1,2,3],"tags":[],"class_list":["post-32850","post","type-post","status-publish","format-standard","has-post-thumbnail","hentry","category-almomento","category-boletin","category-estado","category-health"],"_links":{"self":[{"href":"https:\/\/icoinformativo.mx\/home\/index.php?rest_route=\/wp\/v2\/posts\/32850","targetHints":{"allow":["GET"]}}],"collection":[{"href":"https:\/\/icoinformativo.mx\/home\/index.php?rest_route=\/wp\/v2\/posts"}],"about":[{"href":"https:\/\/icoinformativo.mx\/home\/index.php?rest_route=\/wp\/v2\/types\/post"}],"author":[{"embeddable":true,"href":"https:\/\/icoinformativo.mx\/home\/index.php?rest_route=\/wp\/v2\/users\/2"}],"replies":[{"embeddable":true,"href":"https:\/\/icoinformativo.mx\/home\/index.php?rest_route=%2Fwp%2Fv2%2Fcomments&post=32850"}],"version-history":[{"count":1,"href":"https:\/\/icoinformativo.mx\/home\/index.php?rest_route=\/wp\/v2\/posts\/32850\/revisions"}],"predecessor-version":[{"id":32852,"href":"https:\/\/icoinformativo.mx\/home\/index.php?rest_route=\/wp\/v2\/posts\/32850\/revisions\/32852"}],"wp:featuredmedia":[{"embeddable":true,"href":"https:\/\/icoinformativo.mx\/home\/index.php?rest_route=\/wp\/v2\/media\/32851"}],"wp:attachment":[{"href":"https:\/\/icoinformativo.mx\/home\/index.php?rest_route=%2Fwp%2Fv2%2Fmedia&parent=32850"}],"wp:term":[{"taxonomy":"category","embeddable":true,"href":"https:\/\/icoinformativo.mx\/home\/index.php?rest_route=%2Fwp%2Fv2%2Fcategories&post=32850"},{"taxonomy":"post_tag","embeddable":true,"href":"https:\/\/icoinformativo.mx\/home\/index.php?rest_route=%2Fwp%2Fv2%2Ftags&post=32850"}],"curies":[{"name":"wp","href":"https:\/\/api.w.org\/{rel}","templated":true}]}}