{"id":32844,"date":"2025-06-03T02:59:16","date_gmt":"2025-06-03T02:59:16","guid":{"rendered":"https:\/\/icoinformativo.mx\/home\/?p=32844"},"modified":"2025-06-03T02:59:16","modified_gmt":"2025-06-03T02:59:16","slug":"aditech-instala-grupo-de-trabajo-del-sector-estrategico-de-planeacion-en-educacion","status":"publish","type":"post","link":"https:\/\/icoinformativo.mx\/home\/?p=32844","title":{"rendered":"Aditech instala grupo de trabajo del Sector Estrat\u00e9gico de Planeaci\u00f3n en Educaci\u00f3n"},"content":{"rendered":"<p>&nbsp;<\/p>\n<p>\u00b7 Se fortalecer\u00e1n los v\u00ednculos entre la academia, el sector social, empresarial y gubernamental<\/p>\n<p>&nbsp;<\/p>\n<p>Tuxtla Guti\u00e9rrez, Chiapas.\u2013 La Agencia Digital Tecnol\u00f3gica del Estado de Chiapas (Aditech), encabezada por Jovani Salazar Ruiz, instal\u00f3 oficialmente el Grupo de Desarrollo Cient\u00edfico y Tecnol\u00f3gico para la Transformaci\u00f3n Human\u00edstica del Sector Estrat\u00e9gico de Planeaci\u00f3n en Educaci\u00f3n, con el objetivo de fortalecer los v\u00ednculos entre la academia, el sector social, empresarial y gubernamental.<\/p>\n<p>&nbsp;<\/p>\n<p>En esta primera sesi\u00f3n ordinaria 2025, celebrada en la capital chiapaneca, participaron rectores y representantes de instituciones de educaci\u00f3n superior, as\u00ed como l\u00edderes del sector productivo y social. Al dar la bienvenida, el director de Aditech y presidente del grupo estrat\u00e9gico, Jovani Salazar, hizo un llamado a la colaboraci\u00f3n interinstitucional para consolidar los proyectos propuestos y alcanzar las metas establecidas para este a\u00f1o, en beneficio de la sociedad chiapaneca.<\/p>\n<p>&nbsp;<\/p>\n<p>Por su parte Indra Ruth Toledo Couti\u00f1o, rectora de la Universidad Polit\u00e9cnica de Chiapas (UPChiapas, asumi\u00f3 la Secretar\u00eda T\u00e9cnica del grupo y present\u00f3 la agenda de actividades y eventos. En su intervenci\u00f3n, subray\u00f3 la importancia del trabajo conjunto entre los distintos sectores para impulsar el desarrollo educativo, tecnol\u00f3gico y cient\u00edfico del estado.<\/p>\n<p>&nbsp;<\/p>\n<p>Durante el acto protocolario, los integrantes del grupo rindieron protesta, destacando la participaci\u00f3n de Alexander Jovani Salazar Ruiz, como coordinador y director general de Aditech; Indra Ruth Toledo Couti\u00f1o, secretaria t\u00e9cnica y rectora de la UPChiapas; Jos\u00e9 Luis Pacheco Calvo, vocal ejecutivo y enlace facilitador de la Subsecretar\u00eda de Planeaci\u00f3n de la Secretar\u00eda de Hacienda; y Mari Dalia Garivaldi Ozuna, en representaci\u00f3n del Oswaldo Chac\u00f3n Rojas, rector de la Unach.<\/p>\n<p>&nbsp;<\/p>\n<p>As\u00ed tambi\u00e9n Emmanuel Gordillo Espinoza, en representaci\u00f3n de Jorge Alonso Huitr\u00f3n Flores, rector de la Universidad Tecnol\u00f3gica de la Selva; Javier Yau Dorry, rector de la Universidad Polit\u00e9cnica de Tapachula; Javier L\u00f3pez S\u00e1nchez, rector de la Universidad Intercultural de Chiapas; Mar\u00eda Delina Culebro Farrera, en representaci\u00f3n de Jos\u00e9 Manuel Rosado P\u00e9rez, director del TecNM, Campus Tuxtla Guti\u00e9rrez.<\/p>\n<p>&nbsp;<\/p>\n<p>Manuel de Jes\u00fas Matus Cruz, en representaci\u00f3n de Mar\u00eda Soledad Peralta Gonz\u00e1lez, directora del TecNM Campus Tapachula; Salom\u00f3n Velasco Berm\u00fadez, en representaci\u00f3n del Artemio Enr\u00edquez Espinosa, director del TecNM Campus Comit\u00e1n; Apolinar P\u00e9rez L\u00f3pez, director del TecNM Campus Comalapa; Clara Minerva Cigarroa L\u00f3pez, en representaci\u00f3n de Olga Luz Espinosa Morales, directora del Instituto Tecnol\u00f3gico Superior de Cintalapa.<\/p>\n<p>&nbsp;<\/p>\n<p>Asimismo, se cont\u00f3 con la participaci\u00f3n de invitados especiales del \u00e1mbito acad\u00e9mico, tecnol\u00f3gico, social y empresarial, entre ellos, Carlos Fern\u00e1ndez Magall\u00f3n, director de Cl\u00faster T.I. Chiapas; Gabriel Casta\u00f1eda Nolasco, investigador distinguido de la Unach; Erick \u00c1lvarez Aguilar, presidente del Colegio de Ingenieros Mec\u00e1nicos y Civiles de Chiapas; Edgar Axel Ben\u00edtez Aguilar, presidente de Coparme Chiapas y Jos\u00e9 Francisco Lazos Morales, Presidente de Canacintra Chiapas.<\/p>\n<p>&nbsp;<\/p>\n<p>Con esta instalaci\u00f3n, Aditech refuerza su compromiso con la planeaci\u00f3n estrat\u00e9gica y la innovaci\u00f3n tecnol\u00f3gica como ejes fundamentales para transformar la educaci\u00f3n superior en Chiapas, articulando esfuerzos con todos los sectores clave del estado.<\/p>\n","protected":false},"excerpt":{"rendered":"<p>&nbsp; \u00b7 Se fortalecer\u00e1n los v\u00ednculos entre la academia, el sector social, empresarial y gubernamental&#8230;<\/p>\n","protected":false},"author":2,"featured_media":32845,"comment_status":"closed","ping_status":"closed","sticky":false,"template":"","format":"standard","meta":{"_joinchat":[],"footnotes":""},"categories":[18,1,2,3],"tags":[],"class_list":["post-32844","post","type-post","status-publish","format-standard","has-post-thumbnail","hentry","category-almomento","category-boletin","category-estado","category-health"],"_links":{"self":[{"href":"https:\/\/icoinformativo.mx\/home\/index.php?rest_route=\/wp\/v2\/posts\/32844","targetHints":{"allow":["GET"]}}],"collection":[{"href":"https:\/\/icoinformativo.mx\/home\/index.php?rest_route=\/wp\/v2\/posts"}],"about":[{"href":"https:\/\/icoinformativo.mx\/home\/index.php?rest_route=\/wp\/v2\/types\/post"}],"author":[{"embeddable":true,"href":"https:\/\/icoinformativo.mx\/home\/index.php?rest_route=\/wp\/v2\/users\/2"}],"replies":[{"embeddable":true,"href":"https:\/\/icoinformativo.mx\/home\/index.php?rest_route=%2Fwp%2Fv2%2Fcomments&post=32844"}],"version-history":[{"count":1,"href":"https:\/\/icoinformativo.mx\/home\/index.php?rest_route=\/wp\/v2\/posts\/32844\/revisions"}],"predecessor-version":[{"id":32846,"href":"https:\/\/icoinformativo.mx\/home\/index.php?rest_route=\/wp\/v2\/posts\/32844\/revisions\/32846"}],"wp:featuredmedia":[{"embeddable":true,"href":"https:\/\/icoinformativo.mx\/home\/index.php?rest_route=\/wp\/v2\/media\/32845"}],"wp:attachment":[{"href":"https:\/\/icoinformativo.mx\/home\/index.php?rest_route=%2Fwp%2Fv2%2Fmedia&parent=32844"}],"wp:term":[{"taxonomy":"category","embeddable":true,"href":"https:\/\/icoinformativo.mx\/home\/index.php?rest_route=%2Fwp%2Fv2%2Fcategories&post=32844"},{"taxonomy":"post_tag","embeddable":true,"href":"https:\/\/icoinformativo.mx\/home\/index.php?rest_route=%2Fwp%2Fv2%2Ftags&post=32844"}],"curies":[{"name":"wp","href":"https:\/\/api.w.org\/{rel}","templated":true}]}}