{"id":32841,"date":"2025-06-03T02:50:04","date_gmt":"2025-06-03T02:50:04","guid":{"rendered":"https:\/\/icoinformativo.mx\/home\/?p=32841"},"modified":"2025-06-03T02:50:04","modified_gmt":"2025-06-03T02:50:04","slug":"inicia-jornada-de-capacitacion-para-comisarios-de-la-secretaria-anticorrupcion-y-buen-gobierno","status":"publish","type":"post","link":"https:\/\/icoinformativo.mx\/home\/?p=32841","title":{"rendered":"Inicia Jornada de Capacitaci\u00f3n para Comisarios de la Secretar\u00eda Anticorrupci\u00f3n y Buen Gobierno"},"content":{"rendered":"<p>&nbsp;<\/p>\n<p>Tuxtla Guti\u00e9rrez, Chiapas.\u2013 En cumplimiento a las instrucciones del gobernador Eduardo Ram\u00edrez Aguilar, este lunes dio inicio la Jornada de Capacitaci\u00f3n dirigida a las y los comisarios de la Secretar\u00eda Anticorrupci\u00f3n y Buen Gobierno (SAyBG), con el objetivo de fortalecer sus conocimientos en materia de prevenci\u00f3n, detecci\u00f3n y combate a la corrupci\u00f3n, as\u00ed como de reforzar los mecanismos de control interno al interior de las dependencias que integran el Ejecutivo estatal.<\/p>\n<p>&nbsp;<\/p>\n<p>Desde la Sala Anticorrupci\u00f3n, la titular de la Secretar\u00eda, Ana Laura Romero Basurto, destac\u00f3 el compromiso institucional de las y los comisarios y los convoc\u00f3 a ejercer sus funciones con transparencia, integridad y estricto apego a la legalidad, en congruencia con los principios rectores del actual gobierno.<\/p>\n<p>&nbsp;<\/p>\n<p>\u201cDebemos reforzar los controles internos y erradicar toda pr\u00e1ctica que comprometa la \u00e9tica del servicio p\u00fablico. Las y los comisarios tienen la encomienda de actuar con firmeza y rectitud, siendo guardianes de la honestidad institucional\u201d, subray\u00f3 Romero Basurto.<\/p>\n<p>&nbsp;<\/p>\n<p>Durante su intervenci\u00f3n, Jos\u00e9 Castellanos \u00c1lvarez, coordinador de Comisarios y Despachos Externos, resalt\u00f3 la importancia del trabajo colaborativo y del cumplimiento de los valores institucionales en cada proceso de supervisi\u00f3n.<\/p>\n<p>&nbsp;<\/p>\n<p>\u201cNuestra labor es garantizar el uso correcto y eficiente del recurso p\u00fablico. Solo con un trabajo coordinado y \u00e9tico lograremos una fiscalizaci\u00f3n efectiva en cada dependencia del Ejecutivo estatal\u201d, afirm\u00f3.<\/p>\n<p>&nbsp;<\/p>\n<p>Acompa\u00f1aron este arranque de actividades, Jes\u00fas Antonio Guill\u00e9n Gordillo, subsecretario de Auditor\u00eda P\u00fablica para la Administraci\u00f3n Centralizada; Edwin Rolando Herrera Rodr\u00edguez, subsecretario de Auditor\u00eda P\u00fablica para la Administraci\u00f3n Descentralizada; y Elizabeth Soto Figueroa, responsable del \u00c1rea de Supervisi\u00f3n de Comisarios y Despachos Externos.<\/p>\n<p>&nbsp;<\/p>\n<p>Esta jornada de capacitaci\u00f3n forma parte de los esfuerzos permanentes que impulsa la SAyBG para fortalecer el papel fiscalizador de sus comisarios y alinear su desempe\u00f1o a los ejes de transparencia, rendici\u00f3n de cuentas y buen gobierno que rigen la Administraci\u00f3n P\u00fablica del Estado de Chiapas.<\/p>\n","protected":false},"excerpt":{"rendered":"<p>&nbsp; Tuxtla Guti\u00e9rrez, Chiapas.\u2013 En cumplimiento a las instrucciones del gobernador Eduardo Ram\u00edrez Aguilar, este&#8230;<\/p>\n","protected":false},"author":2,"featured_media":32842,"comment_status":"closed","ping_status":"closed","sticky":false,"template":"","format":"standard","meta":{"_joinchat":[],"footnotes":""},"categories":[18,1,2,3],"tags":[],"class_list":["post-32841","post","type-post","status-publish","format-standard","has-post-thumbnail","hentry","category-almomento","category-boletin","category-estado","category-health"],"_links":{"self":[{"href":"https:\/\/icoinformativo.mx\/home\/index.php?rest_route=\/wp\/v2\/posts\/32841","targetHints":{"allow":["GET"]}}],"collection":[{"href":"https:\/\/icoinformativo.mx\/home\/index.php?rest_route=\/wp\/v2\/posts"}],"about":[{"href":"https:\/\/icoinformativo.mx\/home\/index.php?rest_route=\/wp\/v2\/types\/post"}],"author":[{"embeddable":true,"href":"https:\/\/icoinformativo.mx\/home\/index.php?rest_route=\/wp\/v2\/users\/2"}],"replies":[{"embeddable":true,"href":"https:\/\/icoinformativo.mx\/home\/index.php?rest_route=%2Fwp%2Fv2%2Fcomments&post=32841"}],"version-history":[{"count":1,"href":"https:\/\/icoinformativo.mx\/home\/index.php?rest_route=\/wp\/v2\/posts\/32841\/revisions"}],"predecessor-version":[{"id":32843,"href":"https:\/\/icoinformativo.mx\/home\/index.php?rest_route=\/wp\/v2\/posts\/32841\/revisions\/32843"}],"wp:featuredmedia":[{"embeddable":true,"href":"https:\/\/icoinformativo.mx\/home\/index.php?rest_route=\/wp\/v2\/media\/32842"}],"wp:attachment":[{"href":"https:\/\/icoinformativo.mx\/home\/index.php?rest_route=%2Fwp%2Fv2%2Fmedia&parent=32841"}],"wp:term":[{"taxonomy":"category","embeddable":true,"href":"https:\/\/icoinformativo.mx\/home\/index.php?rest_route=%2Fwp%2Fv2%2Fcategories&post=32841"},{"taxonomy":"post_tag","embeddable":true,"href":"https:\/\/icoinformativo.mx\/home\/index.php?rest_route=%2Fwp%2Fv2%2Ftags&post=32841"}],"curies":[{"name":"wp","href":"https:\/\/api.w.org\/{rel}","templated":true}]}}