{"id":32832,"date":"2025-06-03T01:34:04","date_gmt":"2025-06-03T01:34:04","guid":{"rendered":"https:\/\/icoinformativo.mx\/home\/?p=32832"},"modified":"2025-06-03T01:34:04","modified_gmt":"2025-06-03T01:34:04","slug":"eduardo-ramirez-impulsa-infraestructura-carretera-y-alfabetizacion-en-la-independencia","status":"publish","type":"post","link":"https:\/\/icoinformativo.mx\/home\/?p=32832","title":{"rendered":"Eduardo Ram\u00edrez impulsa infraestructura carretera y alfabetizaci\u00f3n en La Independencia"},"content":{"rendered":"<p>&nbsp;<\/p>\n<p>Como parte del programa Carreteras Vivas, el gobernador Eduardo Ram\u00edrez Aguilar dio el banderazo de inicio a la reconstrucci\u00f3n del camino El Rosario-Chent\u00f3n, en el municipio de La Independencia. Durante el evento, destac\u00f3 que el compromiso del gobierno de la Nueva ERA es brindar seguridad, bienestar y progreso a los pueblos de Chiapas.<\/p>\n<p>&nbsp;<\/p>\n<p>Acompa\u00f1ado por la se\u00f1ora Sof\u00eda Espinoza Abarca, el mandatario se\u00f1al\u00f3 que la mejor manera de agradecer la confianza del pueblo chiapaneco es mediante acciones concretas, como la modernizaci\u00f3n y rehabilitaci\u00f3n de caminos, que fortalecen la conectividad y la econom\u00eda local al facilitar la movilidad y la comercializaci\u00f3n de sus productos.<\/p>\n<p>&nbsp;<\/p>\n<p>\u00abEstamos empe\u00f1ados en que los caminos y las carreteras est\u00e9n en condiciones \u00f3ptimas para que las personas se puedan desplazar con seguridad y facilidad\u201d, apunt\u00f3 al destacar la importancia de este programa estatal de bacheo. Cabe precisar que esta obra beneficiar\u00e1 a cerca de 8 mil 500 habitantes de nueve localidades del municipio, con una inversi\u00f3n superior a los 12.3 millones de pesos.<\/p>\n<p>&nbsp;<\/p>\n<p>En su intervenci\u00f3n, el director general de la Comisi\u00f3n Estatal de Caminos, Rafael Ru\u00edz Morales, explic\u00f3 que adem\u00e1s de esta obra, el programa Carreteras Vivas contempla la reconstrucci\u00f3n de tramos importantes de la regi\u00f3n, como Comit\u00e1n-Altamirano y Altamirano-Ocosingo, entre otros, para mejorar la infraestructura vial.<\/p>\n<p>&nbsp;<\/p>\n<p>El presidente municipal de La Independencia, Jhony Sebasti\u00e1n L\u00f3pez L\u00f3pez, reconoci\u00f3 el respaldo del gobernador y lo calific\u00f3 como un l\u00edder cercano, con visi\u00f3n transformadora y comprometido en gobernar desde el territorio.<\/p>\n<p>&nbsp;<\/p>\n<p>En representaci\u00f3n de las y los beneficiarios, Ervin Orlando Morales agradeci\u00f3 la ejecuci\u00f3n de esta obra que, dijo, tendr\u00e1 un impacto positivo en la movilidad, la conexi\u00f3n entre localidades y el desarrollo econ\u00f3mico de la regi\u00f3n.<\/p>\n<p>&nbsp;<\/p>\n<p>M\u00e1s tarde, el gobernador visit\u00f3 el Colegio de Bachilleres de Chiapas (Cobach), Plantel 50, donde hizo entrega de apoyos de Conecta Chiapas y Alfacel, adem\u00e1s de atestiguar el seguimiento de los c\u00edrculos de estudios del programa Chiapas Puede. Subray\u00f3 que su gobierno est\u00e1 decidido a erradicar el analfabetismo y a brindar a las juventudes herramientas que les permitan alcanzar sus metas.<\/p>\n<p>&nbsp;<\/p>\n<p>En ese marco, el secretario del Humanismo, Paco Chac\u00f3n, se\u00f1al\u00f3 que a trav\u00e9s de Conecta Chiapas y Alfacel, se dota a estudiantes y alfabetizadores de herramientas tecnol\u00f3gicas que fortalecen la conectividad y la ense\u00f1anza, adem\u00e1s de respaldar el compromiso del gobernador con una educaci\u00f3n inclusiva y de calidad.<\/p>\n<p>&nbsp;<\/p>\n<p>Por su parte, el director general del Cobach, Miguel Prado de los Santos, destac\u00f3 que Chiapas Puede refleja la vocaci\u00f3n humanista del actual gobierno, ya que ofrece una oportunidad a personas adultas para aprender a leer y escribir, muchas de las cuales comparten este proceso con sus hijas e hijos.<\/p>\n<p>&nbsp;<\/p>\n<p>El alcalde subray\u00f3 que estos programas humanistas no solo representan avances en materia educativa, sino que tambi\u00e9n son herramientas para transformar conciencias y construir un Chiapas m\u00e1s justo.<\/p>\n<p>&nbsp;<\/p>\n<p>En representaci\u00f3n del alumnado, Daniel Isaac L\u00f3pez Hern\u00e1ndez reconoci\u00f3 la visi\u00f3n de Eduardo Ram\u00edrez por impulsar programas que cambian vidas y empoderan a quienes por diversas circunstancias no aprendieron a leer y a escribir, as\u00ed como por confiar en la juventud para participar activamente en esta gran tarea de alfabetizaci\u00f3n.<\/p>\n<p>&nbsp;<\/p>\n<p>Durante esta gira de trabajo acompa\u00f1aron al gobernador el presidente de la Mesa Directiva del Congreso del Estado, Luis Ignacio Avenda\u00f1o Berm\u00fadez; el secretario de Educaci\u00f3n, Roger Adri\u00e1n Mandujano Ayala; el titular del Instituto Chiapaneco de Educaci\u00f3n para J\u00f3venes y Adultos, Sergio David Molina G\u00f3mez; el auditor superior del Estado, Jos\u00e9 Antonio Aguilar Meza; y la directora de la Universidad Nacional Rosario Castellanos, Campus Chiapas, Fabiola Lizbeth Astudillo Reyes.<\/p>\n<p>&nbsp;<\/p>\n<p>Tambi\u00e9n estuvieron presentes la diputada Alejandra G\u00f3mez Mendoza, presidenta de la Comisi\u00f3n de Desarrollo Urbano y Obras P\u00fablicas; las diputadas federales Rosario del Carmen Moreno Villatoro y Karina Alejandra Trujillo Trujillo; y la diputada local del Distrito XX, Ana Mar\u00eda Sol\u00eds Ruiz, as\u00ed como personas beneficiarias de los programas y las obras.<\/p>\n","protected":false},"excerpt":{"rendered":"<p>&nbsp; Como parte del programa Carreteras Vivas, el gobernador Eduardo Ram\u00edrez Aguilar dio el banderazo&#8230;<\/p>\n","protected":false},"author":2,"featured_media":32834,"comment_status":"closed","ping_status":"closed","sticky":false,"template":"","format":"standard","meta":{"_joinchat":[],"footnotes":""},"categories":[18,1,2,3],"tags":[],"class_list":["post-32832","post","type-post","status-publish","format-standard","has-post-thumbnail","hentry","category-almomento","category-boletin","category-estado","category-health"],"_links":{"self":[{"href":"https:\/\/icoinformativo.mx\/home\/index.php?rest_route=\/wp\/v2\/posts\/32832","targetHints":{"allow":["GET"]}}],"collection":[{"href":"https:\/\/icoinformativo.mx\/home\/index.php?rest_route=\/wp\/v2\/posts"}],"about":[{"href":"https:\/\/icoinformativo.mx\/home\/index.php?rest_route=\/wp\/v2\/types\/post"}],"author":[{"embeddable":true,"href":"https:\/\/icoinformativo.mx\/home\/index.php?rest_route=\/wp\/v2\/users\/2"}],"replies":[{"embeddable":true,"href":"https:\/\/icoinformativo.mx\/home\/index.php?rest_route=%2Fwp%2Fv2%2Fcomments&post=32832"}],"version-history":[{"count":1,"href":"https:\/\/icoinformativo.mx\/home\/index.php?rest_route=\/wp\/v2\/posts\/32832\/revisions"}],"predecessor-version":[{"id":32835,"href":"https:\/\/icoinformativo.mx\/home\/index.php?rest_route=\/wp\/v2\/posts\/32832\/revisions\/32835"}],"wp:featuredmedia":[{"embeddable":true,"href":"https:\/\/icoinformativo.mx\/home\/index.php?rest_route=\/wp\/v2\/media\/32834"}],"wp:attachment":[{"href":"https:\/\/icoinformativo.mx\/home\/index.php?rest_route=%2Fwp%2Fv2%2Fmedia&parent=32832"}],"wp:term":[{"taxonomy":"category","embeddable":true,"href":"https:\/\/icoinformativo.mx\/home\/index.php?rest_route=%2Fwp%2Fv2%2Fcategories&post=32832"},{"taxonomy":"post_tag","embeddable":true,"href":"https:\/\/icoinformativo.mx\/home\/index.php?rest_route=%2Fwp%2Fv2%2Ftags&post=32832"}],"curies":[{"name":"wp","href":"https:\/\/api.w.org\/{rel}","templated":true}]}}