{"id":32828,"date":"2025-05-31T04:12:22","date_gmt":"2025-05-31T04:12:22","guid":{"rendered":"https:\/\/icoinformativo.mx\/home\/?p=32828"},"modified":"2025-05-31T04:12:22","modified_gmt":"2025-05-31T04:12:22","slug":"asiste-alcalde-de-ixtacomitan-a-capacitacion-y-control-del-gusano-barrenador-en-la-zona-norte-de-chiapas","status":"publish","type":"post","link":"https:\/\/icoinformativo.mx\/home\/?p=32828","title":{"rendered":"Asiste alcalde de Ixtacomitan a Capacitaci\u00f3n y Control del Gusano Barrenador en la Zona Norte de Chiapas"},"content":{"rendered":"<p>&nbsp;<\/p>\n<p>El presidente municipal Miguel \u00c1ngel Moreno Palacio acudi\u00f3 a una reuni\u00f3n efectuada en coordinaci\u00f3n con productores, autoridades locales y estatales, para fortalecer las acciones para proteger la salud del ganado y garantizar el bienestar de las comunidades rurales.<\/p>\n<p>Recientemente, se llev\u00f3 a cabo una jornada de capacitaci\u00f3n enfocada en la identificaci\u00f3n y control del gusano barrenador, una plaga que representa un riesgo significativo para la ganader\u00eda chiapaneca.<\/p>\n<p>Gracias al compromiso de nuestros ganaderos y al respaldo de las autoridades, avanzamos en la implementaci\u00f3n de estrategias preventivas y de vigilancia activa para erradicar esta amenaza.<\/p>\n<p>Agradecemos el apoyo del Secretario de Agricultura, Ganader\u00eda y Pesca, Marco Antonio Barba Arrocha, y del Subsecretario de Gobierno, Dr. Jorge Enrrique Hern\u00e1ndez Bielma, quienes han demostrado su compromiso con el desarrollo del campo chiapaneco y la seguridad de nuestras comunidades.<\/p>\n<p>Continuaremos reforzando estas estrategias en la regi\u00f3n norte de Chiapas, en beneficio de nuestras comunidades rurales y del desarrollo productivo de nuestra tierra.<\/p>\n<p>\u00a1Con unidad, trabajo y transformaci\u00f3n, protegemos al campo y a quienes lo hacen crecer!<\/p>\n<p>#MiguelAngelMorenoPalacios<\/p>\n<p>#UnidadTrabajoYTransformaci\u00f3n<br \/>\n#NuevaERA<br \/>\n#HumanismoQueTransforma<br \/>\nMiguel Angel Moreno Palacios<\/p>\n","protected":false},"excerpt":{"rendered":"<p>&nbsp; El presidente municipal Miguel \u00c1ngel Moreno Palacio acudi\u00f3 a una reuni\u00f3n efectuada en coordinaci\u00f3n&#8230;<\/p>\n","protected":false},"author":2,"featured_media":32829,"comment_status":"closed","ping_status":"closed","sticky":false,"template":"","format":"standard","meta":{"_joinchat":[],"footnotes":""},"categories":[18,1,2,3],"tags":[],"class_list":["post-32828","post","type-post","status-publish","format-standard","has-post-thumbnail","hentry","category-almomento","category-boletin","category-estado","category-health"],"_links":{"self":[{"href":"https:\/\/icoinformativo.mx\/home\/index.php?rest_route=\/wp\/v2\/posts\/32828","targetHints":{"allow":["GET"]}}],"collection":[{"href":"https:\/\/icoinformativo.mx\/home\/index.php?rest_route=\/wp\/v2\/posts"}],"about":[{"href":"https:\/\/icoinformativo.mx\/home\/index.php?rest_route=\/wp\/v2\/types\/post"}],"author":[{"embeddable":true,"href":"https:\/\/icoinformativo.mx\/home\/index.php?rest_route=\/wp\/v2\/users\/2"}],"replies":[{"embeddable":true,"href":"https:\/\/icoinformativo.mx\/home\/index.php?rest_route=%2Fwp%2Fv2%2Fcomments&post=32828"}],"version-history":[{"count":1,"href":"https:\/\/icoinformativo.mx\/home\/index.php?rest_route=\/wp\/v2\/posts\/32828\/revisions"}],"predecessor-version":[{"id":32830,"href":"https:\/\/icoinformativo.mx\/home\/index.php?rest_route=\/wp\/v2\/posts\/32828\/revisions\/32830"}],"wp:featuredmedia":[{"embeddable":true,"href":"https:\/\/icoinformativo.mx\/home\/index.php?rest_route=\/wp\/v2\/media\/32829"}],"wp:attachment":[{"href":"https:\/\/icoinformativo.mx\/home\/index.php?rest_route=%2Fwp%2Fv2%2Fmedia&parent=32828"}],"wp:term":[{"taxonomy":"category","embeddable":true,"href":"https:\/\/icoinformativo.mx\/home\/index.php?rest_route=%2Fwp%2Fv2%2Fcategories&post=32828"},{"taxonomy":"post_tag","embeddable":true,"href":"https:\/\/icoinformativo.mx\/home\/index.php?rest_route=%2Fwp%2Fv2%2Ftags&post=32828"}],"curies":[{"name":"wp","href":"https:\/\/api.w.org\/{rel}","templated":true}]}}