{"id":32822,"date":"2025-05-31T03:41:21","date_gmt":"2025-05-31T03:41:21","guid":{"rendered":"https:\/\/icoinformativo.mx\/home\/?p=32822"},"modified":"2025-05-31T03:41:21","modified_gmt":"2025-05-31T03:41:21","slug":"sin-educacion-no-hay-transformacion-eduardo-ramirez","status":"publish","type":"post","link":"https:\/\/icoinformativo.mx\/home\/?p=32822","title":{"rendered":"Sin educaci\u00f3n no hay transformaci\u00f3n: Eduardo Ram\u00edrez"},"content":{"rendered":"<p>&nbsp;<\/p>\n<p>&nbsp;<\/p>\n<p>&nbsp;<\/p>\n<p>&#8211; En Simojovel y Bochil encabez\u00f3 la entrega de Becas Rosario Castellanos y apoyos de Conecta Chiapas y Alfacel, as\u00ed como la supervisi\u00f3n de C\u00edrculos de Estudio.<\/p>\n<p>En el marco de la entrega de Becas Rosario Castellanos y apoyos de Conecta Chiapas y Alfacel, as\u00ed como la supervisi\u00f3n de C\u00edrculos de Estudio de Chiapas Puede, en los municipios de Simojovel y Bochil, pertenecientes a la regi\u00f3n De Los Bosques, el gobernador Eduardo Ram\u00edrez Aguilar hizo un llamado a la unidad entre pueblo y gobierno para erradicar el analfabetismo en el estado.<\/p>\n<p>&nbsp;<\/p>\n<p>Desde Simojovel, el mandatario asegur\u00f3 que su administraci\u00f3n brinda las herramientas para combatir el rezago educativo y fortalecer la conectividad, mediante la entrega de celulares a estudiantes y a quienes se sumen como alfabetizadores, con el objetivo de respaldar su formaci\u00f3n acad\u00e9mica. Invit\u00f3 a aprovechar estos apoyos de manera genuina, sin simulaciones.<\/p>\n<p>&nbsp;<\/p>\n<p>\u201cSin educaci\u00f3n no hay transformaci\u00f3n, y nosotros queremos que Chiapas se transforme desde la conciencia y el razonamiento. La mejor forma de demostrarlo es aprovechar estas becas y el presupuesto destinado para sacar del atraso al estado\u201d, expres\u00f3.<\/p>\n<p>&nbsp;<\/p>\n<p>Por su parte, el secretario de Educaci\u00f3n, Roger Mandujano Ayala, afirm\u00f3 que en Chiapas la educaci\u00f3n dejar\u00e1 de ser un privilegio para convertirse en un derecho universal. Exhort\u00f3 a la ciudadan\u00eda a participar como alfabetizadora de sus propios familiares para que accedan a la Beca Rosario Castellanos.<\/p>\n<p>&nbsp;<\/p>\n<p>El secretario del Humanismo, Paco Chac\u00f3n, destac\u00f3 que en esta Nueva ERA, el humanismo se traduce en hechos concretos, como la entrega de celulares a j\u00f3venes que se suman al programa de alfabetizaci\u00f3n, impulsando as\u00ed la transformaci\u00f3n educativa.<\/p>\n<p>&nbsp;<\/p>\n<p>El director general del Colegio de Estudios Cient\u00edficos y Tecnol\u00f3gicos del Estado de Chiapas, Luis Guadalupe Morales \u00c1ngeles, inform\u00f3 que esta instituci\u00f3n ha alfabetizado a 6 mil 954 personas, alcanzando el 84 % de la meta prevista en el primer ciclo, gracias al esfuerzo conjunto de m\u00e1s de 4 mil 900 alfabetizadores, entre estudiantes y trabajadores.<\/p>\n<p>&nbsp;<\/p>\n<p>A su vez, el alcalde de Simojovel, Inocencio Agenor Dom\u00ednguez Hern\u00e1ndez, reconoci\u00f3 la voluntad de las autoridades por enfrentar el analfabetismo y subray\u00f3 que, aunque el desaf\u00edo es grande, con unidad ser\u00e1 posible superarlo.<\/p>\n<p>&nbsp;<\/p>\n<p>M\u00e1s tarde, en Bochil, Eduardo Ram\u00edrez reiter\u00f3 que una de las prioridades de su administraci\u00f3n es erradicar el analfabetismo en Chiapas. Afirm\u00f3 que nunca es tarde para el aprendizaje y que j\u00f3venes y personas adultas mayores pueden incorporarse a este esfuerzo para mejorar sus condiciones de vida.<\/p>\n<p>&nbsp;<\/p>\n<p>\u00abSoy un hombre con sentido social y quiero que el pueblo viva distinto. Nos hemos trazado una meta y nada nos va a detener, vamos con fuerza, voluntad y emoci\u00f3n. No solo sacaremos a Chiapas del atraso, lograremos que las personas vivan mejor\u00bb, puntualiz\u00f3.<\/p>\n<p>&nbsp;<\/p>\n<p>En su intervenci\u00f3n, Paco Chac\u00f3n reiter\u00f3 el valor de los programas Conecta Chiapas y Alfacel como herramientas que fortalecen la educaci\u00f3n, la conectividad y la alfabetizaci\u00f3n, reafirmando el compromiso del gobernador con las juventudes.<\/p>\n<p>El director general de Colegio de Bachilleres de Chiapas, Miguel Prado de los Santos, inform\u00f3 que en Bochil existen dos c\u00edrculos de estudios de Chiapas Puede, donde 30 personas adultas mayores aprenden a leer y escribir guiadas por sus propios hijos y nietos.<\/p>\n<p>&nbsp;<\/p>\n<p>Sergio Luis Zenteno Meneses, alcalde de Bochil, destac\u00f3 que estas acciones no solo benefician a estudiantes, sino tambi\u00e9n a personas ind\u00edgenas y adultas mayores. A\u00f1adi\u00f3 que al fortalecer la educaci\u00f3n, tambi\u00e9n se combate la violencia y se derriban barreras sociales, econ\u00f3micas y culturales.<\/p>\n<p>&nbsp;<\/p>\n<p>Acompa\u00f1aron al gobernador el presidente de la Mesa Directiva del Congreso del Estado, Luis Ignacio Avenda\u00f1o Berm\u00fadez; el titular del Instituto Chiapaneco de Educaci\u00f3n para J\u00f3venes y Adultos, Sergio David Molina G\u00f3mez; el subsecretario de Agricultura, Darinel Alvarado Villatoro; el diputado local, Jos\u00e9 Uriel Estrada Mart\u00ednez; la diputada local del Distrito 11, Selene Josefina S\u00e1nchez Cruz; y la diputada federal del Distrito 2, Karina Margarita del R\u00edo Zenteno; as\u00ed como personas beneficiarias de las becas y programas, entre otros.<\/p>\n","protected":false},"excerpt":{"rendered":"<p>&nbsp; &nbsp; &nbsp; &#8211; En Simojovel y Bochil encabez\u00f3 la entrega de Becas Rosario Castellanos&#8230;<\/p>\n","protected":false},"author":2,"featured_media":32823,"comment_status":"closed","ping_status":"closed","sticky":false,"template":"","format":"standard","meta":{"_joinchat":[],"footnotes":""},"categories":[18,1,2,3],"tags":[],"class_list":["post-32822","post","type-post","status-publish","format-standard","has-post-thumbnail","hentry","category-almomento","category-boletin","category-estado","category-health"],"_links":{"self":[{"href":"https:\/\/icoinformativo.mx\/home\/index.php?rest_route=\/wp\/v2\/posts\/32822","targetHints":{"allow":["GET"]}}],"collection":[{"href":"https:\/\/icoinformativo.mx\/home\/index.php?rest_route=\/wp\/v2\/posts"}],"about":[{"href":"https:\/\/icoinformativo.mx\/home\/index.php?rest_route=\/wp\/v2\/types\/post"}],"author":[{"embeddable":true,"href":"https:\/\/icoinformativo.mx\/home\/index.php?rest_route=\/wp\/v2\/users\/2"}],"replies":[{"embeddable":true,"href":"https:\/\/icoinformativo.mx\/home\/index.php?rest_route=%2Fwp%2Fv2%2Fcomments&post=32822"}],"version-history":[{"count":1,"href":"https:\/\/icoinformativo.mx\/home\/index.php?rest_route=\/wp\/v2\/posts\/32822\/revisions"}],"predecessor-version":[{"id":32824,"href":"https:\/\/icoinformativo.mx\/home\/index.php?rest_route=\/wp\/v2\/posts\/32822\/revisions\/32824"}],"wp:featuredmedia":[{"embeddable":true,"href":"https:\/\/icoinformativo.mx\/home\/index.php?rest_route=\/wp\/v2\/media\/32823"}],"wp:attachment":[{"href":"https:\/\/icoinformativo.mx\/home\/index.php?rest_route=%2Fwp%2Fv2%2Fmedia&parent=32822"}],"wp:term":[{"taxonomy":"category","embeddable":true,"href":"https:\/\/icoinformativo.mx\/home\/index.php?rest_route=%2Fwp%2Fv2%2Fcategories&post=32822"},{"taxonomy":"post_tag","embeddable":true,"href":"https:\/\/icoinformativo.mx\/home\/index.php?rest_route=%2Fwp%2Fv2%2Ftags&post=32822"}],"curies":[{"name":"wp","href":"https:\/\/api.w.org\/{rel}","templated":true}]}}