{"id":32819,"date":"2025-05-31T03:38:34","date_gmt":"2025-05-31T03:38:34","guid":{"rendered":"https:\/\/icoinformativo.mx\/home\/?p=32819"},"modified":"2025-05-31T03:38:34","modified_gmt":"2025-05-31T03:38:34","slug":"tecnologico-nacional-de-mexico-campus-cintalapa-realiza-ceremonia-de-graduacion-de-la-generacion-2020-2024","status":"publish","type":"post","link":"https:\/\/icoinformativo.mx\/home\/?p=32819","title":{"rendered":"Tecnol\u00f3gico Nacional de M\u00e9xico Campus Cintalapa realiza Ceremonia de Graduaci\u00f3n de la Generaci\u00f3n 2020-2024"},"content":{"rendered":"<p>&nbsp;<\/p>\n<p>El Tecnol\u00f3gico Nacional de M\u00e9xico (TecNM) Campus Cintalapa realiz\u00f3 la Ceremonia de Graduaci\u00f3n de la Generaci\u00f3n 2020-2024, quienes, sin duda, cuentan con las mejores herramientas para enfrentar el futuro y las competencias actuales.<\/p>\n<p>&nbsp;<\/p>\n<p>La directora general del TecNM Cintalapa, Olga Luz Espinosa Morales, reconoci\u00f3 a las ingenieras e ingenieros egresados por haber alcanzado este logro tan importante: la culminaci\u00f3n de su carrera profesional, adem\u00e1s de extender la felicitaci\u00f3n a sus familias.<\/p>\n<p>&nbsp;<\/p>\n<p>\u201cMe alegra poder ser part\u00edcipe de este acto que representa el inicio de una nueva etapa en su vida y en esta Nueva ERA de Chiapas tienen a un aliado, al gobernador de nuestro estado, Eduardo Ram\u00edrez\u201d, expres\u00f3.<\/p>\n<p>&nbsp;<\/p>\n<p>En este acto solemne, se reconoci\u00f3 a las y los estudiantes de mejores promedios de las seis ingenier\u00edas: Industrial, Energ\u00edas Renovables, Civil, Desarrollo Comunitario, Industrias Alimentarias e Inform\u00e1tica.<\/p>\n<p>&nbsp;<\/p>\n<p>Al evento asistieron el delegado de la Secretar\u00eda de Educaci\u00f3n P\u00fablica en Chiapas, Ra\u00fal Eduardo Bonifaz Moedano; la regidora Ayuntamiento de Cintalapa, Blanca Elsa Palacios Burguete; la diputada federal Azucena Arreola Trinidad; la presidenta de la Comisi\u00f3n de Ciencia Tecnolog\u00eda e Innovaci\u00f3n del Congreso del Estado, Ana Karen Ru\u00edz Couti\u00f1o; y el director de Planeaci\u00f3n y Programaci\u00f3n del Instituto de la Infraestructura F\u00edsica Educativa del Estado de Chiapas, Elmer Nicol\u00e1s Noriega Zavala.<\/p>\n<p>&nbsp;<\/p>\n<p>Tambi\u00e9n estuvieron presentes Andr\u00e9s Constantino Novillo, representante personal de la secretaria general de Gobierno y Mediaci\u00f3n, Patricia del Carmen Conde Ruiz; la coordinadora de Zona Cintalapa 0702 del Instituto Chiapaneco de Educaci\u00f3n para J\u00f3venes y Adultos, Jimena Aranda Nieto; y el secretario general del Sindicato \u00danico de Trabajadores del Instituto Tecnol\u00f3gico Superior de Cintalapa, Sergio Hern\u00e1ndez Cervantes.<\/p>\n","protected":false},"excerpt":{"rendered":"<p>&nbsp; El Tecnol\u00f3gico Nacional de M\u00e9xico (TecNM) Campus Cintalapa realiz\u00f3 la Ceremonia de Graduaci\u00f3n de&#8230;<\/p>\n","protected":false},"author":2,"featured_media":32820,"comment_status":"closed","ping_status":"closed","sticky":false,"template":"","format":"standard","meta":{"_joinchat":[],"footnotes":""},"categories":[18,1,2,3],"tags":[],"class_list":["post-32819","post","type-post","status-publish","format-standard","has-post-thumbnail","hentry","category-almomento","category-boletin","category-estado","category-health"],"_links":{"self":[{"href":"https:\/\/icoinformativo.mx\/home\/index.php?rest_route=\/wp\/v2\/posts\/32819","targetHints":{"allow":["GET"]}}],"collection":[{"href":"https:\/\/icoinformativo.mx\/home\/index.php?rest_route=\/wp\/v2\/posts"}],"about":[{"href":"https:\/\/icoinformativo.mx\/home\/index.php?rest_route=\/wp\/v2\/types\/post"}],"author":[{"embeddable":true,"href":"https:\/\/icoinformativo.mx\/home\/index.php?rest_route=\/wp\/v2\/users\/2"}],"replies":[{"embeddable":true,"href":"https:\/\/icoinformativo.mx\/home\/index.php?rest_route=%2Fwp%2Fv2%2Fcomments&post=32819"}],"version-history":[{"count":1,"href":"https:\/\/icoinformativo.mx\/home\/index.php?rest_route=\/wp\/v2\/posts\/32819\/revisions"}],"predecessor-version":[{"id":32821,"href":"https:\/\/icoinformativo.mx\/home\/index.php?rest_route=\/wp\/v2\/posts\/32819\/revisions\/32821"}],"wp:featuredmedia":[{"embeddable":true,"href":"https:\/\/icoinformativo.mx\/home\/index.php?rest_route=\/wp\/v2\/media\/32820"}],"wp:attachment":[{"href":"https:\/\/icoinformativo.mx\/home\/index.php?rest_route=%2Fwp%2Fv2%2Fmedia&parent=32819"}],"wp:term":[{"taxonomy":"category","embeddable":true,"href":"https:\/\/icoinformativo.mx\/home\/index.php?rest_route=%2Fwp%2Fv2%2Fcategories&post=32819"},{"taxonomy":"post_tag","embeddable":true,"href":"https:\/\/icoinformativo.mx\/home\/index.php?rest_route=%2Fwp%2Fv2%2Ftags&post=32819"}],"curies":[{"name":"wp","href":"https:\/\/api.w.org\/{rel}","templated":true}]}}