{"id":32816,"date":"2025-05-31T03:29:48","date_gmt":"2025-05-31T03:29:48","guid":{"rendered":"https:\/\/icoinformativo.mx\/home\/?p=32816"},"modified":"2025-05-31T03:29:48","modified_gmt":"2025-05-31T03:29:48","slug":"32816","status":"publish","type":"post","link":"https:\/\/icoinformativo.mx\/home\/?p=32816","title":{"rendered":""},"content":{"rendered":"<p>&nbsp;<\/p>\n<p>\u2022 Con la presencia de Ko\u2019tan y la participaci\u00f3n activa de la comunidad escolar, el Plantel 24 fortaleci\u00f3 el v\u00ednculo con estudiantes de secundaria y present\u00f3 sus especialidades t\u00e9cnicas<\/p>\n<p>&nbsp;<\/p>\n<p>Benem\u00e9rito de las Am\u00e9ricas, Chiapas.\u2013 El Plantel 24 Benem\u00e9rito de las Am\u00e9ricas del Colegio de Estudios Cient\u00edficos y Tecnol\u00f3gicos del Estado de Chiapas (Cecytech) llev\u00f3 a cabo con entusiasmo su Expo-Feria de Carreras T\u00e9cnicas, un evento que expuso las capacidades, habilidades y el compromiso de su comunidad estudiantil y docente.<\/p>\n<p>&nbsp;<\/p>\n<p>La actividad cont\u00f3 con la presencia de Ko\u2019tan, la mascota oficial del Cecytech, s\u00edmbolo del esp\u00edritu formativo y la vocaci\u00f3n educativa de la instituci\u00f3n, cuya participaci\u00f3n tuvo como prop\u00f3sito motivar a las y los estudiantes de secundaria a continuar su preparaci\u00f3n acad\u00e9mica en el Cecytech, despertando su inter\u00e9s por las carreras t\u00e9cnicas que ofrece el plantel y fortaleciendo al mismo tiempo el v\u00ednculo entre la instituci\u00f3n y la comunidad educativa de la regi\u00f3n.<\/p>\n<p>&nbsp;<\/p>\n<p>Al respecto, el director del plantel, C\u00e9sar Gonz\u00e1lez Esp\u00edndola, reconoci\u00f3 el trabajo colaborativo de las y los docentes, as\u00ed como el entusiasmo demostrado por el alumnado, al tiempo de subrayar la importancia de este tipo de espacios para visibilizar la formaci\u00f3n t\u00e9cnica que ofrece el plantel y su impacto positivo en el entorno local, destacando que desde Benem\u00e9rito de las Am\u00e9ricas se forman j\u00f3venes con visi\u00f3n, compromiso social y habilidades t\u00e9cnicas al servicio de Chiapas.<\/p>\n<p>&nbsp;<\/p>\n<p>Durante la Expo-Feria se presentaron proyectos y pr\u00e1cticas relacionadas con las especialidades que se imparten en el plantel, entre ellas Soporte y Mantenimiento T\u00e9cnico, Enfermer\u00eda General, Desarrollo Comunitario y Suelos y Fertilizantes, a trav\u00e9s de m\u00f3dulos que evidenciaron la aplicaci\u00f3n de conocimientos en escenarios reales, promoviendo un aprendizaje contextualizado y orientado al desarrollo sostenible.<\/p>\n<p>&nbsp;<\/p>\n<p>Durante el evento tambi\u00e9n se brind\u00f3 informaci\u00f3n a madres y padres de familia, as\u00ed como a visitantes sobre los diversos apoyos con los que cuenta la instituci\u00f3n, entre los que destacan la afiliaci\u00f3n al Instituto Mexicano del Seguro Social (IMSS), el acceso a las Becas para el Bienestar Benito Ju\u00e1rez, as\u00ed como la posibilidad de egresar con un t\u00edtulo como t\u00e9cnicos en su especialidad, lo cual contribuye a reducir las brechas de desigualdad educativa en la regi\u00f3n.<\/p>\n<p>&nbsp;<\/p>\n<p>Finalmente, Gonz\u00e1lez Esp\u00edndola expres\u00f3 su agradecimiento a Luis Guadalupe Morales \u00c1ngeles, director general del Cecytech y coordinador estatal del TBC Chiapas, por el valioso respaldo brindado mediante el env\u00edo del equipo de comunicaci\u00f3n institucional para apoyar los trabajos de la campa\u00f1a de promoci\u00f3n 2025, as\u00ed como por su impulso al Programa Chiapas Puede en esta regi\u00f3n colindante con el vecino pa\u00eds de Guatemala, gesto que refleja un compromiso firme con la educaci\u00f3n t\u00e9cnica y el desarrollo regional.<\/p>\n","protected":false},"excerpt":{"rendered":"<p>&nbsp; \u2022 Con la presencia de Ko\u2019tan y la participaci\u00f3n activa de la comunidad escolar,&#8230;<\/p>\n","protected":false},"author":2,"featured_media":32817,"comment_status":"closed","ping_status":"closed","sticky":false,"template":"","format":"standard","meta":{"_joinchat":[],"footnotes":""},"categories":[18,1,2,3],"tags":[],"class_list":["post-32816","post","type-post","status-publish","format-standard","has-post-thumbnail","hentry","category-almomento","category-boletin","category-estado","category-health"],"_links":{"self":[{"href":"https:\/\/icoinformativo.mx\/home\/index.php?rest_route=\/wp\/v2\/posts\/32816","targetHints":{"allow":["GET"]}}],"collection":[{"href":"https:\/\/icoinformativo.mx\/home\/index.php?rest_route=\/wp\/v2\/posts"}],"about":[{"href":"https:\/\/icoinformativo.mx\/home\/index.php?rest_route=\/wp\/v2\/types\/post"}],"author":[{"embeddable":true,"href":"https:\/\/icoinformativo.mx\/home\/index.php?rest_route=\/wp\/v2\/users\/2"}],"replies":[{"embeddable":true,"href":"https:\/\/icoinformativo.mx\/home\/index.php?rest_route=%2Fwp%2Fv2%2Fcomments&post=32816"}],"version-history":[{"count":1,"href":"https:\/\/icoinformativo.mx\/home\/index.php?rest_route=\/wp\/v2\/posts\/32816\/revisions"}],"predecessor-version":[{"id":32818,"href":"https:\/\/icoinformativo.mx\/home\/index.php?rest_route=\/wp\/v2\/posts\/32816\/revisions\/32818"}],"wp:featuredmedia":[{"embeddable":true,"href":"https:\/\/icoinformativo.mx\/home\/index.php?rest_route=\/wp\/v2\/media\/32817"}],"wp:attachment":[{"href":"https:\/\/icoinformativo.mx\/home\/index.php?rest_route=%2Fwp%2Fv2%2Fmedia&parent=32816"}],"wp:term":[{"taxonomy":"category","embeddable":true,"href":"https:\/\/icoinformativo.mx\/home\/index.php?rest_route=%2Fwp%2Fv2%2Fcategories&post=32816"},{"taxonomy":"post_tag","embeddable":true,"href":"https:\/\/icoinformativo.mx\/home\/index.php?rest_route=%2Fwp%2Fv2%2Ftags&post=32816"}],"curies":[{"name":"wp","href":"https:\/\/api.w.org\/{rel}","templated":true}]}}