{"id":32810,"date":"2025-05-31T03:22:15","date_gmt":"2025-05-31T03:22:15","guid":{"rendered":"https:\/\/icoinformativo.mx\/home\/?p=32810"},"modified":"2025-05-31T03:22:15","modified_gmt":"2025-05-31T03:22:15","slug":"celebran-coronacion-de-chayito-i-reina-de-la-amistad-2025-en-la-casa-geriatrica-tuxtla","status":"publish","type":"post","link":"https:\/\/icoinformativo.mx\/home\/?p=32810","title":{"rendered":"Celebran coronaci\u00f3n de \u201cChayito I\u201d, Reina de la Amistad 2025, en la Casa Geri\u00e1trica Tuxtla"},"content":{"rendered":"<p>&nbsp;<\/p>\n<p>\u2022 Agradeci\u00f3 el apoyo de sus compa\u00f1eras y compa\u00f1eros, as\u00ed como al personal m\u00e9dico y administrativo por el respaldo y calidez humana que brindan a las y los adultos mayores<\/p>\n<p>&nbsp;<\/p>\n<p>En un ambiente lleno de alegr\u00eda, m\u00fasica y compa\u00f1erismo, se llev\u00f3 a cabo la coronaci\u00f3n de la Reina de la Amistad 2025 \u201cChayito I\u201d, quien representar\u00e1 con orgullo a las y los adultos mayores que acuden diariamente a la Casa Geri\u00e1trica Tuxtla, perteneciente al Instituto de Seguridad Social de los Trabajadores del Estado de Chiapas (Isstech).<\/p>\n<p>Durante su emotivo mensaje, tras recibir la corona, \u201cChayito I\u201d agradeci\u00f3 a sus compa\u00f1eras y compa\u00f1eros, as\u00ed como al personal m\u00e9dico y administrativo, el respaldo y calidez humana que hacen de la Casa Geri\u00e1trica un espacio integral en beneficio de las personas adultas mayores.<\/p>\n<p>Asimismo, destac\u00f3 el compromiso del gobernador Eduardo Ram\u00edrez Aguilar, quien, -dijo- ha demostrado con hechos su dedicaci\u00f3n hacia este sector de la poblaci\u00f3n.<\/p>\n<p>\u201cLa actual administraci\u00f3n ha impulsado pol\u00edticas p\u00fablicas centradas en la atenci\u00f3n m\u00e9dica, el acompa\u00f1amiento emocional y la recreaci\u00f3n de las y los adultos mayores, promoviendo espacios de convivencia como este significativo acto de coronaci\u00f3n\u201d, subray\u00f3 \u201cChayito I\u201d.<\/p>\n<p>La ceremonia estuvo encabezada por autoridades del Isstech, representantes sindicales y servidores del pueblo del Gobierno del Estado, quienes celebraron junto a las y los residentes esta jornada especial.<\/p>\n<p>El evento concluy\u00f3 con un animado convivio, m\u00fasica en vivo y la presentaci\u00f3n de bailables tradicionales, en un gesto de afecto colectivo hacia todas las personas adultas mayores que forman parte de la Casa Geri\u00e1trica Tuxtla.<\/p>\n","protected":false},"excerpt":{"rendered":"<p>&nbsp; \u2022 Agradeci\u00f3 el apoyo de sus compa\u00f1eras y compa\u00f1eros, as\u00ed como al personal m\u00e9dico&#8230;<\/p>\n","protected":false},"author":2,"featured_media":32811,"comment_status":"closed","ping_status":"closed","sticky":false,"template":"","format":"standard","meta":{"_joinchat":[],"footnotes":""},"categories":[18,1,2,3],"tags":[],"class_list":["post-32810","post","type-post","status-publish","format-standard","has-post-thumbnail","hentry","category-almomento","category-boletin","category-estado","category-health"],"_links":{"self":[{"href":"https:\/\/icoinformativo.mx\/home\/index.php?rest_route=\/wp\/v2\/posts\/32810","targetHints":{"allow":["GET"]}}],"collection":[{"href":"https:\/\/icoinformativo.mx\/home\/index.php?rest_route=\/wp\/v2\/posts"}],"about":[{"href":"https:\/\/icoinformativo.mx\/home\/index.php?rest_route=\/wp\/v2\/types\/post"}],"author":[{"embeddable":true,"href":"https:\/\/icoinformativo.mx\/home\/index.php?rest_route=\/wp\/v2\/users\/2"}],"replies":[{"embeddable":true,"href":"https:\/\/icoinformativo.mx\/home\/index.php?rest_route=%2Fwp%2Fv2%2Fcomments&post=32810"}],"version-history":[{"count":1,"href":"https:\/\/icoinformativo.mx\/home\/index.php?rest_route=\/wp\/v2\/posts\/32810\/revisions"}],"predecessor-version":[{"id":32812,"href":"https:\/\/icoinformativo.mx\/home\/index.php?rest_route=\/wp\/v2\/posts\/32810\/revisions\/32812"}],"wp:featuredmedia":[{"embeddable":true,"href":"https:\/\/icoinformativo.mx\/home\/index.php?rest_route=\/wp\/v2\/media\/32811"}],"wp:attachment":[{"href":"https:\/\/icoinformativo.mx\/home\/index.php?rest_route=%2Fwp%2Fv2%2Fmedia&parent=32810"}],"wp:term":[{"taxonomy":"category","embeddable":true,"href":"https:\/\/icoinformativo.mx\/home\/index.php?rest_route=%2Fwp%2Fv2%2Fcategories&post=32810"},{"taxonomy":"post_tag","embeddable":true,"href":"https:\/\/icoinformativo.mx\/home\/index.php?rest_route=%2Fwp%2Fv2%2Ftags&post=32810"}],"curies":[{"name":"wp","href":"https:\/\/api.w.org\/{rel}","templated":true}]}}