{"id":32804,"date":"2025-05-30T03:37:16","date_gmt":"2025-05-30T03:37:16","guid":{"rendered":"https:\/\/icoinformativo.mx\/home\/?p=32804"},"modified":"2025-05-30T03:37:16","modified_gmt":"2025-05-30T03:37:16","slug":"en-frontera-comalapa-eduardo-ramirez-reafirma-compromiso-con-la-ninez-y-la-seguridad","status":"publish","type":"post","link":"https:\/\/icoinformativo.mx\/home\/?p=32804","title":{"rendered":"En Frontera Comalapa, Eduardo Ram\u00edrez reafirma compromiso con la ni\u00f1ez y la seguridad"},"content":{"rendered":"<p>&nbsp;<\/p>\n<p>Durante su visita al municipio de Frontera Comalapa, el gobernador Eduardo Ram\u00edrez Aguilar convivi\u00f3 con ni\u00f1as y ni\u00f1os de la Escuela Primaria 14 de Septiembre, donde se realiz\u00f3 el cierre de la brigada optom\u00e9trica del programa \u201cVer Bien para Aprender Mejor\u201d, a fin de dotar de lentes de manera gratuita a estudiantes con problemas de visi\u00f3n para apoyar su aprendizaje.<\/p>\n<p>&nbsp;<\/p>\n<p>\u201cEste programa tiene como objetivo que ni\u00f1os y ni\u00f1as puedan leer y escribir, sumar y restar, y tomar sus clases sin dificultad\u201d, se\u00f1al\u00f3 el mandatario al precisar que, tras el diagn\u00f3stico realizado, 4 mil ser\u00e1n beneficiados.<\/p>\n<p>&nbsp;<\/p>\n<p>Frente a la comunidad escolar y madres y padres de familia, Ram\u00edrez Aguilar reiter\u00f3 su compromiso de mantenerse cercano a la poblaci\u00f3n, asegurando que los tiempos de miedo y violencia han quedado atr\u00e1s, y que su administraci\u00f3n continuar\u00e1 velando por la seguridad y tranquilidad del municipio.<\/p>\n<p>&nbsp;<\/p>\n<p>Asimismo, anunci\u00f3 que se trabajar\u00e1 en distintas obras para Frontera Comalapa, como la reubicaci\u00f3n del rastro municipal, la rehabilitaci\u00f3n del libramiento para mejorar la conectividad y la instalaci\u00f3n de videoc\u00e1maras de vigilancia en distintos puntos del municipio.<\/p>\n<p>&nbsp;<\/p>\n<p>Por su parte, el secretario de Salud, Omar G\u00f3mez Cruz, asegur\u00f3 que con la entrega de lentes se contribuye a que las y los estudiantes puedan participar activamente en las actividades escolares y sociales, mejorando su calidad de vida. \u201cEstamos reconstruyendo el tejido social en salud, sin simulaci\u00f3n, por convicci\u00f3n\u201d, precis\u00f3.<\/p>\n<p>&nbsp;<\/p>\n<p>A su vez, la presidenta del Concejo Municipal, Marli Trejo Posada, destac\u00f3 que este programa representa una valiosa oportunidad para el desarrollo acad\u00e9mico de las ni\u00f1as y los ni\u00f1os, al facilitar el acceso gratuito a lentes de calidad, lo que fortalece su desempe\u00f1o escolar y les brinda m\u00e1s oportunidades de desarrollo.<\/p>\n<p>&nbsp;<\/p>\n<p>El director de la Escuela Primaria 14 de Septiembre, Jos\u00e9 Antonio Castillo Guill\u00e9n, agradeci\u00f3 la visita del gobernador, se\u00f1alando que su presencia contribuye a visibilizar las necesidades en infraestructura, reforzar la seguridad escolar y elevar la calidad educativa. Asegur\u00f3 que, pese a los tiempos de inseguridad que se vivieron, esta escuela no suspendi\u00f3 clases. \u201cLos padres y madres de familia no me dejar\u00e1n mentir; los miedos no han existido para nosotros\u201d, afirm\u00f3.<\/p>\n<p>&nbsp;<\/p>\n<p>En representaci\u00f3n de las ni\u00f1as y ni\u00f1os, Miel Valentina Mart\u00ednez Roblero agradeci\u00f3 la implementaci\u00f3n de este programa pues tendr\u00e1 un impacto positivo en su aprendizaje y confianza personal.<\/p>\n<p>&nbsp;<\/p>\n<p>Acompa\u00f1aron al gobernador el fiscal general del Estado, Jorge Luis Llaven Abarca; el secretario de Seguridad del Pueblo, \u00d3scar Alberto Aparicio Avenda\u00f1o; y el subsecretario de la Regi\u00f3n Sierra Mariscal de la Secretar\u00eda General de Gobierno y Mediaci\u00f3n, Andr\u00e9s Carballo Bustamante, entre otros.<\/p>\n","protected":false},"excerpt":{"rendered":"<p>&nbsp; Durante su visita al municipio de Frontera Comalapa, el gobernador Eduardo Ram\u00edrez Aguilar convivi\u00f3&#8230;<\/p>\n","protected":false},"author":2,"featured_media":32805,"comment_status":"closed","ping_status":"closed","sticky":false,"template":"","format":"standard","meta":{"_joinchat":[],"footnotes":""},"categories":[18,1,2,3],"tags":[],"class_list":["post-32804","post","type-post","status-publish","format-standard","has-post-thumbnail","hentry","category-almomento","category-boletin","category-estado","category-health"],"_links":{"self":[{"href":"https:\/\/icoinformativo.mx\/home\/index.php?rest_route=\/wp\/v2\/posts\/32804","targetHints":{"allow":["GET"]}}],"collection":[{"href":"https:\/\/icoinformativo.mx\/home\/index.php?rest_route=\/wp\/v2\/posts"}],"about":[{"href":"https:\/\/icoinformativo.mx\/home\/index.php?rest_route=\/wp\/v2\/types\/post"}],"author":[{"embeddable":true,"href":"https:\/\/icoinformativo.mx\/home\/index.php?rest_route=\/wp\/v2\/users\/2"}],"replies":[{"embeddable":true,"href":"https:\/\/icoinformativo.mx\/home\/index.php?rest_route=%2Fwp%2Fv2%2Fcomments&post=32804"}],"version-history":[{"count":1,"href":"https:\/\/icoinformativo.mx\/home\/index.php?rest_route=\/wp\/v2\/posts\/32804\/revisions"}],"predecessor-version":[{"id":32806,"href":"https:\/\/icoinformativo.mx\/home\/index.php?rest_route=\/wp\/v2\/posts\/32804\/revisions\/32806"}],"wp:featuredmedia":[{"embeddable":true,"href":"https:\/\/icoinformativo.mx\/home\/index.php?rest_route=\/wp\/v2\/media\/32805"}],"wp:attachment":[{"href":"https:\/\/icoinformativo.mx\/home\/index.php?rest_route=%2Fwp%2Fv2%2Fmedia&parent=32804"}],"wp:term":[{"taxonomy":"category","embeddable":true,"href":"https:\/\/icoinformativo.mx\/home\/index.php?rest_route=%2Fwp%2Fv2%2Fcategories&post=32804"},{"taxonomy":"post_tag","embeddable":true,"href":"https:\/\/icoinformativo.mx\/home\/index.php?rest_route=%2Fwp%2Fv2%2Ftags&post=32804"}],"curies":[{"name":"wp","href":"https:\/\/api.w.org\/{rel}","templated":true}]}}