{"id":32792,"date":"2025-05-30T03:22:05","date_gmt":"2025-05-30T03:22:05","guid":{"rendered":"https:\/\/icoinformativo.mx\/home\/?p=32792"},"modified":"2025-05-30T03:22:05","modified_gmt":"2025-05-30T03:22:05","slug":"impulsan-humanismo-y-prevencion-escolar-en-chiapas","status":"publish","type":"post","link":"https:\/\/icoinformativo.mx\/home\/?p=32792","title":{"rendered":"Impulsan humanismo y prevenci\u00f3n escolar en Chiapas"},"content":{"rendered":"<p>&nbsp;<\/p>\n<p>\u2022 Las Secretar\u00edas de Protecci\u00f3n Civil y de Educaci\u00f3n promueven escuelas m\u00e1s seguras, resilientes, centradas en la prevenci\u00f3n en el entorno escolar e inclusivo ante situaciones de riesgo<\/p>\n<p>&nbsp;<\/p>\n<p>Tuxtla Guti\u00e9rrez, Chiapas.- Las Secretar\u00edas de Protecci\u00f3n Civil y Educaci\u00f3n fortalecen la cultura de la prevenci\u00f3n de riesgos en los centros escolares del estado a trav\u00e9s de diversas estrategias, muestra de ello es que se trabaja en el Programa Humanismo y Prevenci\u00f3n Escolar con el que la ni\u00f1ez y la juventud podr\u00e1n identificar las zonas de riesgos en sus centros escolares y as\u00ed actuar oportunamente ante cualquier eventualidad.<\/p>\n<p>&nbsp;<\/p>\n<p>Los secretarios de Protecci\u00f3n Civil, Mauricio Cordero Rodr\u00edguez y de Educaci\u00f3n, Roger Mandujano Ayala, firmaron este pacto por el derecho a la educaci\u00f3n y la protecci\u00f3n civil con el convenio de colaboraci\u00f3n para capacitar, formar y sensibilizar en materia de Gesti\u00f3n Integral de Riesgos en las escuelas de Chiapas.<\/p>\n<p>&nbsp;<\/p>\n<p>Ambos servidores del pueblo coincidieron en que esta estrategia conjunta para fortalecer la cultura de la prevenci\u00f3n en los centros escolares del estado es esencial para sentar las bases en la cultura de la prevenci\u00f3n a trav\u00e9s de la educaci\u00f3n.<\/p>\n<p>&nbsp;<\/p>\n<p>Las dependencias promover\u00e1n instalaciones de aprendizaje seguras, la preparaci\u00f3n y respuesta ante emergencias y la educaci\u00f3n en reducci\u00f3n de riesgos de desastres.<\/p>\n<p>&nbsp;<\/p>\n<p>Las ni\u00f1as, ni\u00f1os y adolescentes podr\u00e1n identificar oportunamente los riesgos a los que pueden verse expuestos y participen en su manejo para prevenirlo, mitigar sus efectos, tomar actitudes y decisiones informadas, as\u00ed como enfrentar y recuperarse de situaciones cr\u00edticas.<\/p>\n<p>&nbsp;<\/p>\n<p>Con esta sinergia se da cumplimiento a la visi\u00f3n del gobernador Eduardo Ram\u00edrez Aguilar, quien ha marcado como prioridad la protecci\u00f3n de las ni\u00f1as y ni\u00f1os, la prevenci\u00f3n de riesgos y la transformaci\u00f3n de Chiapas sostenida por la educaci\u00f3n.<\/p>\n","protected":false},"excerpt":{"rendered":"<p>&nbsp; \u2022 Las Secretar\u00edas de Protecci\u00f3n Civil y de Educaci\u00f3n promueven escuelas m\u00e1s seguras, resilientes,&#8230;<\/p>\n","protected":false},"author":2,"featured_media":32793,"comment_status":"closed","ping_status":"closed","sticky":false,"template":"","format":"standard","meta":{"_joinchat":[],"footnotes":""},"categories":[18,1,2,3],"tags":[],"class_list":["post-32792","post","type-post","status-publish","format-standard","has-post-thumbnail","hentry","category-almomento","category-boletin","category-estado","category-health"],"_links":{"self":[{"href":"https:\/\/icoinformativo.mx\/home\/index.php?rest_route=\/wp\/v2\/posts\/32792","targetHints":{"allow":["GET"]}}],"collection":[{"href":"https:\/\/icoinformativo.mx\/home\/index.php?rest_route=\/wp\/v2\/posts"}],"about":[{"href":"https:\/\/icoinformativo.mx\/home\/index.php?rest_route=\/wp\/v2\/types\/post"}],"author":[{"embeddable":true,"href":"https:\/\/icoinformativo.mx\/home\/index.php?rest_route=\/wp\/v2\/users\/2"}],"replies":[{"embeddable":true,"href":"https:\/\/icoinformativo.mx\/home\/index.php?rest_route=%2Fwp%2Fv2%2Fcomments&post=32792"}],"version-history":[{"count":1,"href":"https:\/\/icoinformativo.mx\/home\/index.php?rest_route=\/wp\/v2\/posts\/32792\/revisions"}],"predecessor-version":[{"id":32794,"href":"https:\/\/icoinformativo.mx\/home\/index.php?rest_route=\/wp\/v2\/posts\/32792\/revisions\/32794"}],"wp:featuredmedia":[{"embeddable":true,"href":"https:\/\/icoinformativo.mx\/home\/index.php?rest_route=\/wp\/v2\/media\/32793"}],"wp:attachment":[{"href":"https:\/\/icoinformativo.mx\/home\/index.php?rest_route=%2Fwp%2Fv2%2Fmedia&parent=32792"}],"wp:term":[{"taxonomy":"category","embeddable":true,"href":"https:\/\/icoinformativo.mx\/home\/index.php?rest_route=%2Fwp%2Fv2%2Fcategories&post=32792"},{"taxonomy":"post_tag","embeddable":true,"href":"https:\/\/icoinformativo.mx\/home\/index.php?rest_route=%2Fwp%2Fv2%2Ftags&post=32792"}],"curies":[{"name":"wp","href":"https:\/\/api.w.org\/{rel}","templated":true}]}}